{"id":12506,"date":"2022-05-11T16:42:39","date_gmt":"2022-05-11T19:42:39","guid":{"rendered":"https:\/\/hostnetart.com.br\/baixada\/sindicato-dos-bancarios-da-baixada-fluminense-apoia-chapa-1-nas-eleicoes-do-sindicato-dos-bancarios-de-nova-friburgo-e-regiao\/"},"modified":"2022-05-11T16:42:39","modified_gmt":"2022-05-11T19:42:39","slug":"sindicato-dos-bancarios-da-baixada-fluminense-apoia-chapa-1-nas-eleicoes-do-sindicato-dos-bancarios-de-nova-friburgo-e-regiao","status":"publish","type":"post","link":"https:\/\/hostnetart.com.br\/baixada\/sindicato-dos-bancarios-da-baixada-fluminense-apoia-chapa-1-nas-eleicoes-do-sindicato-dos-bancarios-de-nova-friburgo-e-regiao\/","title":{"rendered":"Banc\u00e1rios da Baixada Fluminense apoiam a Chapa 1 nas elei\u00e7\u00f5es do Sindicato dos Banc\u00e1rios de Nova Friburgo e Regi\u00e3o"},"content":{"rendered":"<p>O Sindicato dos Banc\u00e1rios da Baixada Fluminense apoia a \u201c<strong>Chapa 1 \u2013 Consci\u00eancia e Luta<\/strong>\u201d, nas elei\u00e7\u00f5es do Sindicato dos Banc\u00e1rios de Nova Friburgo e Regi\u00e3o, para o per\u00edodo entre os anos 2022 a 2024.<\/p>\n<p>As elei\u00e7\u00f5es ocorrem no dia 26 de Maio de 2022.<\/p>\n<p>Os Sindicatos dos Banc\u00e1rios de Nova Friburgo e Regi\u00e3o e da Baixada Fluminense s\u00e3o filiados \u00e0\u00a0Federa\u00e7\u00e3o dos Trabalhadores do Ramo Financeiro dos Estados do Rio de Janeiro e Esp\u00edrito Santo (Fetraf RJ\/ES), e todos os Sindicatos de sua base est\u00e3o apoiando a Chapa 1.<\/p>\n<p>At\u00e9 o fim do prazo para inscri\u00e7\u00e3o de chapas, apenas uma foi inscrita. E grande destaque e mudan\u00e7a \u00e9 o nome de Luiz Gabriel Almeida Velloso, que vem como candidato a Presidente.<\/p>\n<p>\u00c9 de extrema import\u00e2ncia a participa\u00e7\u00e3o de todos os banc\u00e1rios e banc\u00e1rias nos dias de vota\u00e7\u00e3o.<\/p>\n<p><strong>ONDE VOTAR<\/strong><\/p>\n<p>O Sindicato disponibilizar\u00e1 uma urna fixa no audit\u00f3rio da entidade. Al\u00e9m disso, mais 7 urnas ir\u00e3o percorrer as cidades de sua base e dos bairros de Nova Friburgo. Os mes\u00e1rios ter\u00e3o listagens dos associados de cada banco e cidades.<\/p>\n<p><strong>PARA VOTAR<\/strong><\/p>\n<p>Tem direito a voto todos as associadas e os associados com mais de 3 meses de filia\u00e7\u00e3o ao Sindicato.<\/p>\n<p>A identifica\u00e7\u00e3o ser\u00e1 feita atrav\u00e9s de carteira de identidade ou crach\u00e1 do banco.<\/p>\n","protected":false},"excerpt":{"rendered":"<p>O Sindicato dos Banc\u00e1rios da Baixada Fluminense apoia a \u201cChapa 1 \u2013 Consci\u00eancia e Luta\u201d, nas elei\u00e7\u00f5es do Sindicato dos Banc\u00e1rios de Nova Friburgo e Regi\u00e3o, para o per\u00edodo entre os anos 2022 a 2024. As elei\u00e7\u00f5es ocorrem no dia 26 de Maio de 2022. Os Sindicatos dos Banc\u00e1rios de Nova Friburgo e Regi\u00e3o e [&hellip;]<\/p>\n","protected":false},"author":2,"featured_media":12505,"comment_status":"","ping_status":"","sticky":false,"template":"","format":"standard","meta":{"footnotes":""},"categories":[3],"tags":[],"class_list":["post-12506","post","type-post","status-publish","format-standard","has-post-thumbnail","hentry","category-noticias"],"_links":{"self":[{"href":"https:\/\/hostnetart.com.br\/baixada\/wp-json\/wp\/v2\/posts\/12506","targetHints":{"allow":["GET"]}}],"collection":[{"href":"https:\/\/hostnetart.com.br\/baixada\/wp-json\/wp\/v2\/posts"}],"about":[{"href":"https:\/\/hostnetart.com.br\/baixada\/wp-json\/wp\/v2\/types\/post"}],"author":[{"embeddable":true,"href":"https:\/\/hostnetart.com.br\/baixada\/wp-json\/wp\/v2\/users\/2"}],"replies":[{"embeddable":true,"href":"https:\/\/hostnetart.com.br\/baixada\/wp-json\/wp\/v2\/comments?post=12506"}],"version-history":[{"count":0,"href":"https:\/\/hostnetart.com.br\/baixada\/wp-json\/wp\/v2\/posts\/12506\/revisions"}],"wp:featuredmedia":[{"embeddable":true,"href":"https:\/\/hostnetart.com.br\/baixada\/wp-json\/wp\/v2\/media\/12505"}],"wp:attachment":[{"href":"https:\/\/hostnetart.com.br\/baixada\/wp-json\/wp\/v2\/media?parent=12506"}],"wp:term":[{"taxonomy":"category","embeddable":true,"href":"https:\/\/hostnetart.com.br\/baixada\/wp-json\/wp\/v2\/categories?post=12506"},{"taxonomy":"post_tag","embeddable":true,"href":"https:\/\/hostnetart.com.br\/baixada\/wp-json\/wp\/v2\/tags?post=12506"}],"curies":[{"name":"wp","href":"https:\/\/api.w.org\/{rel}","templated":true}]}}