{"id":12502,"date":"2022-05-11T14:22:45","date_gmt":"2022-05-11T17:22:45","guid":{"rendered":"https:\/\/hostnetart.com.br\/baixada\/vamos-juntos-reconstruir-o-brasil-que-a-gente-quer\/"},"modified":"2022-05-11T14:22:45","modified_gmt":"2022-05-11T17:22:45","slug":"vamos-juntos-reconstruir-o-brasil-que-a-gente-quer","status":"publish","type":"post","link":"https:\/\/hostnetart.com.br\/baixada\/vamos-juntos-reconstruir-o-brasil-que-a-gente-quer\/","title":{"rendered":"Vamos, juntos, reconstruir o Brasil que a gente quer"},"content":{"rendered":"<p>O\u00a0<a href=\"https:\/\/contrafcut.com.br\/noticias\/centrais-sindicais-movimentos-sociais-e-partidos-politicos-se-unem-pela-reconstrucao-do-brasil\" target=\"_blank\" rel=\"noopener noreferrer\">lan\u00e7amento do movimento \u201cVamos Juntos pelo Brasil\u201d<\/a>, no s\u00e1bado (7), em S\u00e3o Paulo, foi uma festa de dimens\u00f5es hist\u00f3ricas, como as manifesta\u00e7\u00f5es das Diretas J\u00e1 e a campanha de 1989, que vai ser lembrado como o marco do in\u00edcio do caminho de reconstru\u00e7\u00e3o e do restabelecimento da democracia no pa\u00eds. O ato contou com discursos do ex-presidente Lula e do ex-governador Geraldo Alckmin, al\u00e9m da presen\u00e7a de lideran\u00e7as do PT, PSB, PCdoB, Solidariedade, PSOL, PV e Rede, centrais sindicais, movimentos sociais, artistas e outras personalidades.<\/p>\n<p>No evento, Lula enfatizou a import\u00e2ncia da recupera\u00e7\u00e3o da cidadania e da dignidade do povo brasileiro, roubadas por um governo golpista e socialmente insens\u00edvel. \u201c<a href=\"https:\/\/pt.org.br\/lula-a-revista-time-e-tempo-de-construir-um-novo-brasil\/\" target=\"_blank\" rel=\"noopener noreferrer\">A principal virtude que um bom governante precisa ter \u00e9 a capacidade de viver em sintonia com as aspira\u00e7\u00f5es e os sentimentos das pessoas<\/a>, especialmente das que mais precisam\u201d, disse no in\u00edcio de seu discurso. O ex-presidente tamb\u00e9m destacou a\u00a0<a href=\"https:\/\/pt.org.br\/brasil-pode-ser-melhor-com-mais-salario-e-menos-inflacao-diz-lula\/\" target=\"_blank\" rel=\"noopener noreferrer\">import\u00e2ncia dos bancos p\u00fablicos na gera\u00e7\u00e3o de empregos dignos ao povo brasileiro<\/a>, com a oferta de cr\u00e9dito barato, o financiamento de obras de saneamento e constru\u00e7\u00e3o de moradia e o apoio ao pequeno agricultor, como feito nos governos do PT. (<strong><a href=\"https:\/\/pt.org.br\/leia-o-discurso-de-lula-ao-lancar-o-movimento-vamos-juntos-pelo-brasil\/\" target=\"_blank\" rel=\"noopener noreferrer\">leia a \u00edntegra do discurso<\/a><\/strong>).<\/p>\n<h3><strong>Alckmin: \u201cA solu\u00e7\u00e3o vir\u00e1 com Lula\u201d<\/strong><\/h3>\n<p>Diagnosticado com Covid-19,\u00a0<a href=\"https:\/\/pt.org.br\/discurso-de-alckmin-no-lancamento-do-vamos-juntos-pelo-brasil\/\" target=\"_blank\" rel=\"noopener noreferrer\">o ex-governador Geraldo Alckmin fez um discurso de casa, exibido ao vivo, por tel\u00e3o<\/a>. Ele refor\u00e7ou a necessidade de uma ampla alian\u00e7a para o pa\u00eds derrotar amea\u00e7as contra a democracia e restabelecer o desenvolvimento com justi\u00e7a social.<\/p>\n<p>\u201cH\u00e1 momentos, em que antes de uma alian\u00e7a, determinar a sua miss\u00e3o \u00e9 a pr\u00f3pria miss\u00e3o que determina a sua alian\u00e7a\u201d, discursou Alckmin. \u201c\u00c9 o que vemos acontecer aqui hoje entre PT, PSB, Solidariedade, Rede, PV, PCdoB, PSOL, valoros\u00edssimas lideran\u00e7as pol\u00edticas das mais diversas convic\u00e7\u00f5es ideol\u00f3gicas, que aqui comparecem, patri\u00f3tica e corajosamente, independente da presen\u00e7a institucional de seus pr\u00f3prios partidos, para dar ainda mais for\u00e7a e representatividade \u00e0 nossa uni\u00e3o, no cumprimento da nossa miss\u00e3o\u201d.<\/p>\n<p>Segundo o ex-governador, o futuro do Brasil est\u00e1 em jogo. \u201cQuando a ignor\u00e2ncia se une \u00e0 mentira como estrat\u00e9gia pol\u00edtica para demonizar elei\u00e7\u00f5es livres e aviltar a democracia, n\u00f3s n\u00e3o devemos vacilar. O caminho \u00e9 com Lula. Quando brasileiros s\u00e3o relegados \u00e0 pr\u00f3pria sorte, em meio \u00e0s mazelas de uma pandemia letal, n\u00e3o devemos aceitar, vamos responder com Lula. Quando as injusti\u00e7as sociais, gra\u00e7as \u00e0 omiss\u00e3o do governo, e a pobreza, a mis\u00e9ria e a fome assumem dimens\u00f5es vergonhosas e intoler\u00e1veis, n\u00e3o podemos hesitar. A solu\u00e7\u00e3o vir\u00e1 com Lula\u201d.<\/p>\n<p><strong>Fonte:\u00a0Contraf-CUT, com\u00a0<a href=\"https:\/\/www.cut.org.br\/noticias\/lula-convoca-os-brasileiros-para-restaurar-a-democracia-e-reconstruir-o-brasil-e7b9\" target=\"_blank\" rel=\"noopener noreferrer\">informa\u00e7\u00f5es da CUT<\/a>\u00a0<a href=\"https:\/\/pt.org.br\/lula-essa-e-uma-conclamacao-para-reconquistar-a-democracia-e-a-soberania\/\" target=\"_blank\" rel=\"noopener noreferrer\">e do PT<\/a><\/strong><\/p>\n","protected":false},"excerpt":{"rendered":"<p>O\u00a0lan\u00e7amento do movimento \u201cVamos Juntos pelo Brasil\u201d, no s\u00e1bado (7), em S\u00e3o Paulo, foi uma festa de dimens\u00f5es hist\u00f3ricas, como as manifesta\u00e7\u00f5es das Diretas J\u00e1 e a campanha de 1989, que vai ser lembrado como o marco do in\u00edcio do caminho de reconstru\u00e7\u00e3o e do restabelecimento da democracia no pa\u00eds. O ato contou com discursos [&hellip;]<\/p>\n","protected":false},"author":2,"featured_media":12501,"comment_status":"","ping_status":"","sticky":false,"template":"","format":"standard","meta":{"footnotes":""},"categories":[3],"tags":[],"class_list":["post-12502","post","type-post","status-publish","format-standard","has-post-thumbnail","hentry","category-noticias"],"_links":{"self":[{"href":"https:\/\/hostnetart.com.br\/baixada\/wp-json\/wp\/v2\/posts\/12502","targetHints":{"allow":["GET"]}}],"collection":[{"href":"https:\/\/hostnetart.com.br\/baixada\/wp-json\/wp\/v2\/posts"}],"about":[{"href":"https:\/\/hostnetart.com.br\/baixada\/wp-json\/wp\/v2\/types\/post"}],"author":[{"embeddable":true,"href":"https:\/\/hostnetart.com.br\/baixada\/wp-json\/wp\/v2\/users\/2"}],"replies":[{"embeddable":true,"href":"https:\/\/hostnetart.com.br\/baixada\/wp-json\/wp\/v2\/comments?post=12502"}],"version-history":[{"count":0,"href":"https:\/\/hostnetart.com.br\/baixada\/wp-json\/wp\/v2\/posts\/12502\/revisions"}],"wp:featuredmedia":[{"embeddable":true,"href":"https:\/\/hostnetart.com.br\/baixada\/wp-json\/wp\/v2\/media\/12501"}],"wp:attachment":[{"href":"https:\/\/hostnetart.com.br\/baixada\/wp-json\/wp\/v2\/media?parent=12502"}],"wp:term":[{"taxonomy":"category","embeddable":true,"href":"https:\/\/hostnetart.com.br\/baixada\/wp-json\/wp\/v2\/categories?post=12502"},{"taxonomy":"post_tag","embeddable":true,"href":"https:\/\/hostnetart.com.br\/baixada\/wp-json\/wp\/v2\/tags?post=12502"}],"curies":[{"name":"wp","href":"https:\/\/api.w.org\/{rel}","templated":true}]}}