{"id":12500,"date":"2022-05-11T13:57:31","date_gmt":"2022-05-11T16:57:31","guid":{"rendered":"https:\/\/hostnetart.com.br\/baixada\/assedio-moral-nas-crbbs-volta-a-ser-debatido\/"},"modified":"2022-05-11T13:57:31","modified_gmt":"2022-05-11T16:57:31","slug":"assedio-moral-nas-crbbs-volta-a-ser-debatido","status":"publish","type":"post","link":"https:\/\/hostnetart.com.br\/baixada\/assedio-moral-nas-crbbs-volta-a-ser-debatido\/","title":{"rendered":"Ass\u00e9dio moral nas CRBBs volta a ser debatido"},"content":{"rendered":"<p>A Comiss\u00e3o de Empresa dos Funcion\u00e1rios do Banco do Brasil (CEBB) volta a se reunir com o banco na pr\u00f3xima quinta-feira (12), \u00e0s 10h, para debater ass\u00e9dio moral e cobran\u00e7a excessiva de metas nas Centrais de Relacionamento do Banco do Brasil (CRBBs).<\/p>\n<p>O tema j\u00e1 foi debatido em reuni\u00e3o no dia 14 de abril, quando os representantes dos funcion\u00e1rios apresentaram den\u00fancias de casos nas unidades de S\u00e3o Paulo, Curitiba, S\u00e3o Jos\u00e9 dos Pinhais (PR) e em outras localidades do pa\u00eds.<\/p>\n<p>A expectativa \u00e9 que a dire\u00e7\u00e3o traga uma reposta oficial, ap\u00f3s apura\u00e7\u00e3o das den\u00fancias. \u201cTodos os problemas apresentados n\u00e3o s\u00e3o novos. J\u00e1 aconteceram anteriormente e foram resolvidos. Por isso, esperamos uma nova solu\u00e7\u00e3o, mas \u2013 desta vez \u2013 definitiva. Para isso, \u00e9 necess\u00e1ria uma atua\u00e7\u00e3o mais assertiva junto aos gestores\u201d, afirmou o coordenador da CEBB, Jo\u00e3o Fukunaga.<\/p>\n<p><strong>Fonte: Contraf-CUT<\/strong><\/p>\n","protected":false},"excerpt":{"rendered":"<p>A Comiss\u00e3o de Empresa dos Funcion\u00e1rios do Banco do Brasil (CEBB) volta a se reunir com o banco na pr\u00f3xima quinta-feira (12), \u00e0s 10h, para debater ass\u00e9dio moral e cobran\u00e7a excessiva de metas nas Centrais de Relacionamento do Banco do Brasil (CRBBs). O tema j\u00e1 foi debatido em reuni\u00e3o no dia 14 de abril, quando [&hellip;]<\/p>\n","protected":false},"author":2,"featured_media":12499,"comment_status":"","ping_status":"","sticky":false,"template":"","format":"standard","meta":{"footnotes":""},"categories":[3],"tags":[],"class_list":["post-12500","post","type-post","status-publish","format-standard","has-post-thumbnail","hentry","category-noticias"],"_links":{"self":[{"href":"https:\/\/hostnetart.com.br\/baixada\/wp-json\/wp\/v2\/posts\/12500","targetHints":{"allow":["GET"]}}],"collection":[{"href":"https:\/\/hostnetart.com.br\/baixada\/wp-json\/wp\/v2\/posts"}],"about":[{"href":"https:\/\/hostnetart.com.br\/baixada\/wp-json\/wp\/v2\/types\/post"}],"author":[{"embeddable":true,"href":"https:\/\/hostnetart.com.br\/baixada\/wp-json\/wp\/v2\/users\/2"}],"replies":[{"embeddable":true,"href":"https:\/\/hostnetart.com.br\/baixada\/wp-json\/wp\/v2\/comments?post=12500"}],"version-history":[{"count":0,"href":"https:\/\/hostnetart.com.br\/baixada\/wp-json\/wp\/v2\/posts\/12500\/revisions"}],"wp:featuredmedia":[{"embeddable":true,"href":"https:\/\/hostnetart.com.br\/baixada\/wp-json\/wp\/v2\/media\/12499"}],"wp:attachment":[{"href":"https:\/\/hostnetart.com.br\/baixada\/wp-json\/wp\/v2\/media?parent=12500"}],"wp:term":[{"taxonomy":"category","embeddable":true,"href":"https:\/\/hostnetart.com.br\/baixada\/wp-json\/wp\/v2\/categories?post=12500"},{"taxonomy":"post_tag","embeddable":true,"href":"https:\/\/hostnetart.com.br\/baixada\/wp-json\/wp\/v2\/tags?post=12500"}],"curies":[{"name":"wp","href":"https:\/\/api.w.org\/{rel}","templated":true}]}}