{"id":12492,"date":"2022-05-09T17:29:20","date_gmt":"2022-05-09T20:29:20","guid":{"rendered":"https:\/\/hostnetart.com.br\/baixada\/gt-de-saude-do-itau-debate-programa-recomece\/"},"modified":"2022-05-09T17:29:20","modified_gmt":"2022-05-09T20:29:20","slug":"gt-de-saude-do-itau-debate-programa-recomece","status":"publish","type":"post","link":"https:\/\/hostnetart.com.br\/baixada\/gt-de-saude-do-itau-debate-programa-recomece\/","title":{"rendered":"GT de Sa\u00fade do Ita\u00fa debate programa Recomece"},"content":{"rendered":"<p>O Grupo de Trabalho (GT) de Sa\u00fade do Ita\u00fa debateu, na \u00faltima quinta-feira (9), o programa Recomece, voltado para todos os funcion\u00e1rios que est\u00e3o aptos a voltar ao trabalho, ap\u00f3s afastamento por problemas de sa\u00fade, mas necessitam de um retorno gradual. A apresenta\u00e7\u00e3o foi feita pela \u00e1rea de medicina ocupacional do banco.<\/p>\n<p>O Recomece \u00e9 voltado para todos os funcion\u00e1rios que est\u00e3o aptos a retornar ao trabalho, ap\u00f3s afastamento por problemas de sa\u00fade, mas necessitam de um retorno gradual. Os trabalhadores que ficaram mais de 180 dias afastados entram no programa automaticamente e os que ficaram menos de 180 dias, s\u00f3 entram no programa ap\u00f3s indica\u00e7\u00e3o m\u00e9dica. A validade do programa \u00e9 de 15 dias e pode ser ampliada a 30 dias. O acompanhamento \u00e9 feito pelo banco, orientado por uma assistente social e tamb\u00e9m um tutor, que pode ser o pr\u00f3prio gestor do trabalhador.<\/p>\n<p>Luciana Duarte, coordenadora do GT de Sa\u00fade do banco, criticou a apresenta\u00e7\u00e3o do programa, mesmo com as negocia\u00e7\u00f5es em curso sobre o programa de retorno ao trabalho previsto na cl\u00e1usula 43 da Conven\u00e7\u00e3o Coletiva de Trabalho (CCT) da categoria. \u201cO prazo foi reduzido de seis meses a um ano, como previsto CCT, para 15 a 30 dias no programa do banco. Nossa, avalia\u00e7\u00e3o \u00e9 que essa redu\u00e7\u00e3o tem de ser sempre avaliada por um m\u00e9dico assistente\u201d, apontou.<\/p>\n<p>A coordenadora apontou ainda que os banc\u00e1rios, j\u00e1 sobrecarregados, al\u00e9m de se preocupar com as metas absurdas, ainda ter\u00e3o uma responsabilidade a mais. \u201cAntes era a medicina ocupacional do banco que fazia este acompanhamento. Somos favor\u00e1veis a uma gest\u00e3o humanizada, mas isto tamb\u00e9m passa tamb\u00e9m por metas humanizadas\u201d.<\/p>\n<p>O GT entende que o programa poder\u00e1 cumprir uma importante fun\u00e7\u00e3o em alguns casos. Por\u00e9m, quando o afastamento for por doen\u00e7a relacionada ao trabalho, principalmente, quando causado por problemas de gest\u00e3o, ter a figura do gestor como respons\u00e1vel pela readapta\u00e7\u00e3o ou como tutor n\u00e3o \u00e9 a melhor escolha.<\/p>\n<p>Para a coordenadora do GT, o afastamento do trabalho \u00e9 um momento traum\u00e1tico para o trabalhador que tem que lidar com a doen\u00e7a e a inseguran\u00e7a. \u201cO momento do retorno dever\u00e1 ser feito com o objetivo de reinserir este trabalhador de forma gradativa, respeitando suas limita\u00e7\u00f5es e, principalmente, em ambiente livre dos problemas que ocasionaram seu adoecimento\u201d.<\/p>\n<p>Ao ser questionado por n\u00e3o ter procurado o movimento sindical para constru\u00e7\u00e3o do Recomece, o banco informou que o programa encontra-se em constru\u00e7\u00e3o e prop\u00f4s um calend\u00e1rio para discuss\u00f5es.<\/p>\n<h3>PDV<\/h3>\n<p>O GT tamb\u00e9m denunciou ao banco o ass\u00e9dio informado pelos trabalhadores eleg\u00edveis ao Programa de Desligamento Volunt\u00e1rio (PDV). \u201cComo o nome diz, a ades\u00e3o deveria ser volunt\u00e1ria. No entanto, h\u00e1 den\u00fancias de constrangimento para a ades\u00e3o\u201d, afirmou Carlos Damarindo, membro do GT de Sa\u00fade. O banco informou que n\u00e3o concorda com tais pr\u00e1ticas.<\/p>\n<p><strong>Fonte: Contraf-CUT<\/strong><\/p>\n","protected":false},"excerpt":{"rendered":"<p>O Grupo de Trabalho (GT) de Sa\u00fade do Ita\u00fa debateu, na \u00faltima quinta-feira (9), o programa Recomece, voltado para todos os funcion\u00e1rios que est\u00e3o aptos a voltar ao trabalho, ap\u00f3s afastamento por problemas de sa\u00fade, mas necessitam de um retorno gradual. A apresenta\u00e7\u00e3o foi feita pela \u00e1rea de medicina ocupacional do banco. O Recomece \u00e9 [&hellip;]<\/p>\n","protected":false},"author":2,"featured_media":12491,"comment_status":"","ping_status":"","sticky":false,"template":"","format":"standard","meta":{"footnotes":""},"categories":[3],"tags":[],"class_list":["post-12492","post","type-post","status-publish","format-standard","has-post-thumbnail","hentry","category-noticias"],"_links":{"self":[{"href":"https:\/\/hostnetart.com.br\/baixada\/wp-json\/wp\/v2\/posts\/12492","targetHints":{"allow":["GET"]}}],"collection":[{"href":"https:\/\/hostnetart.com.br\/baixada\/wp-json\/wp\/v2\/posts"}],"about":[{"href":"https:\/\/hostnetart.com.br\/baixada\/wp-json\/wp\/v2\/types\/post"}],"author":[{"embeddable":true,"href":"https:\/\/hostnetart.com.br\/baixada\/wp-json\/wp\/v2\/users\/2"}],"replies":[{"embeddable":true,"href":"https:\/\/hostnetart.com.br\/baixada\/wp-json\/wp\/v2\/comments?post=12492"}],"version-history":[{"count":0,"href":"https:\/\/hostnetart.com.br\/baixada\/wp-json\/wp\/v2\/posts\/12492\/revisions"}],"wp:featuredmedia":[{"embeddable":true,"href":"https:\/\/hostnetart.com.br\/baixada\/wp-json\/wp\/v2\/media\/12491"}],"wp:attachment":[{"href":"https:\/\/hostnetart.com.br\/baixada\/wp-json\/wp\/v2\/media?parent=12492"}],"wp:term":[{"taxonomy":"category","embeddable":true,"href":"https:\/\/hostnetart.com.br\/baixada\/wp-json\/wp\/v2\/categories?post=12492"},{"taxonomy":"post_tag","embeddable":true,"href":"https:\/\/hostnetart.com.br\/baixada\/wp-json\/wp\/v2\/tags?post=12492"}],"curies":[{"name":"wp","href":"https:\/\/api.w.org\/{rel}","templated":true}]}}