{"id":12490,"date":"2022-05-09T13:47:30","date_gmt":"2022-05-09T16:47:30","guid":{"rendered":"https:\/\/hostnetart.com.br\/baixada\/sindicato-dos-bancarios-da-baixada-fluminense-reintegra-mais-uma-funcionaria-do-santander\/"},"modified":"2022-05-09T13:47:30","modified_gmt":"2022-05-09T16:47:30","slug":"sindicato-dos-bancarios-da-baixada-fluminense-reintegra-mais-uma-funcionaria-do-santander","status":"publish","type":"post","link":"https:\/\/hostnetart.com.br\/baixada\/sindicato-dos-bancarios-da-baixada-fluminense-reintegra-mais-uma-funcionaria-do-santander\/","title":{"rendered":"Sindicato dos Banc\u00e1rios da Baixada Fluminense reintegra mais uma funcion\u00e1ria do Santander"},"content":{"rendered":"<p>A semana come\u00e7ou com boas not\u00edcias!\u00a0<\/p>\n<p>Mais uma funcion\u00e1ria do Banco Santander foi reintegrada pelo\u00a0Sindicato dos Banc\u00e1rios da Baixada Fluminense. A reintegra\u00e7\u00e3o aconteceu nesta segunda-feira, 9 de maio, na ag\u00eancia localizada em Xer\u00e9m, distrito de Duque de Caxias, e foi acompanhada pelos diretores Ricardo S\u00e1, Martins, Roberto Domingos e Newton Fran\u00e7a.<\/p>\n<p>Patricia Galdino Foly \u00e9 funcion\u00e1ria do banco h\u00e1 17 anos e foi demitida em novembro de 2021. Na \u00e9poca, al\u00e9m da banc\u00e1ria estar acometida com doen\u00e7a ocupacional, o banco a demitiu em plena pandemia do novo coronav\u00edrus, contrariando o compromisso de n\u00e3o demiss\u00e3o que os grandes bancos assumiram.\u00a0<\/p>\n<p><span style=\"text-decoration: underline;\">IMPORTANTE<\/span><\/p>\n<p>Patricia \u00e9 sindicalizada e, logo ap\u00f3s seu desligamento, procurou atendimento no Sindicato dos Banc\u00e1rios da Baixada Fluminense, onde foi prontamente atendida pelos Departamentos Jur\u00eddico e de Sa\u00fade.<\/p>\n<p>\u00c9 fundamental que banc\u00e1rias e banc\u00e1rios, logo que sejam informados de suas demiss\u00f5es, procurem imediatamente atendimento no Sindicato.<\/p>\n<p><strong>SINDICALIZE-SE<\/strong><\/p>\n<p>\u00a0<\/p>\n<p>\u00a0<\/p>\n","protected":false},"excerpt":{"rendered":"<p>A semana come\u00e7ou com boas not\u00edcias!\u00a0 Mais uma funcion\u00e1ria do Banco Santander foi reintegrada pelo\u00a0Sindicato dos Banc\u00e1rios da Baixada Fluminense. A reintegra\u00e7\u00e3o aconteceu nesta segunda-feira, 9 de maio, na ag\u00eancia localizada em Xer\u00e9m, distrito de Duque de Caxias, e foi acompanhada pelos diretores Ricardo S\u00e1, Martins, Roberto Domingos e Newton Fran\u00e7a. Patricia Galdino Foly \u00e9 [&hellip;]<\/p>\n","protected":false},"author":2,"featured_media":12489,"comment_status":"","ping_status":"","sticky":false,"template":"","format":"standard","meta":{"footnotes":""},"categories":[3],"tags":[],"class_list":["post-12490","post","type-post","status-publish","format-standard","has-post-thumbnail","hentry","category-noticias"],"_links":{"self":[{"href":"https:\/\/hostnetart.com.br\/baixada\/wp-json\/wp\/v2\/posts\/12490","targetHints":{"allow":["GET"]}}],"collection":[{"href":"https:\/\/hostnetart.com.br\/baixada\/wp-json\/wp\/v2\/posts"}],"about":[{"href":"https:\/\/hostnetart.com.br\/baixada\/wp-json\/wp\/v2\/types\/post"}],"author":[{"embeddable":true,"href":"https:\/\/hostnetart.com.br\/baixada\/wp-json\/wp\/v2\/users\/2"}],"replies":[{"embeddable":true,"href":"https:\/\/hostnetart.com.br\/baixada\/wp-json\/wp\/v2\/comments?post=12490"}],"version-history":[{"count":0,"href":"https:\/\/hostnetart.com.br\/baixada\/wp-json\/wp\/v2\/posts\/12490\/revisions"}],"wp:featuredmedia":[{"embeddable":true,"href":"https:\/\/hostnetart.com.br\/baixada\/wp-json\/wp\/v2\/media\/12489"}],"wp:attachment":[{"href":"https:\/\/hostnetart.com.br\/baixada\/wp-json\/wp\/v2\/media?parent=12490"}],"wp:term":[{"taxonomy":"category","embeddable":true,"href":"https:\/\/hostnetart.com.br\/baixada\/wp-json\/wp\/v2\/categories?post=12490"},{"taxonomy":"post_tag","embeddable":true,"href":"https:\/\/hostnetart.com.br\/baixada\/wp-json\/wp\/v2\/tags?post=12490"}],"curies":[{"name":"wp","href":"https:\/\/api.w.org\/{rel}","templated":true}]}}