{"id":12486,"date":"2022-05-06T03:43:34","date_gmt":"2022-05-06T06:43:34","guid":{"rendered":"https:\/\/hostnetart.com.br\/baixada\/uni-global-debate-sobre-sistemas-de-previdencia\/"},"modified":"2022-05-06T03:43:34","modified_gmt":"2022-05-06T06:43:34","slug":"uni-global-debate-sobre-sistemas-de-previdencia","status":"publish","type":"post","link":"https:\/\/hostnetart.com.br\/baixada\/uni-global-debate-sobre-sistemas-de-previdencia\/","title":{"rendered":"UNI Global debate sobre sistemas de previd\u00eancia"},"content":{"rendered":"<p>Sindicalistas de diversos pa\u00edses da Am\u00e9rica Latina se reuniram entre os dias 3 e 5 de maio, em Montevid\u00e9u, no Uruguai, para realizar mais uma etapa das Jornadas Internacionais de Sistemas de Pens\u00e3o, promovidas pela UNI Global Union e pela sua representa\u00e7\u00e3o regional, a Uni Am\u00e9ricas Finanzas. \u201cOs neoliberais est\u00e3o organizados e agem em todo o mundo para destruir os sistemas de previd\u00eancia social em cada um dos pa\u00edses. Por isso, \u00e9 importante que n\u00f3s, trabalhadores, tamb\u00e9m nos organizemos mundialmente para barrar estas iniciativas de privatiza\u00e7\u00e3o\u201d, disse a secret\u00e1ria de Rela\u00e7\u00f5es Internacionais da Confedera\u00e7\u00e3o Nacional dos Trabalhadores do Ramo Financeiro (Contraf-CUT), Rita Berlofa.<\/p>\n<p>\u201cEstas privatiza\u00e7\u00f5es visam abrir espa\u00e7o para empresas privadas venderem planos de previd\u00eancia privadas e lucrarem em cima do sofrimento dos trabalhadores, que, depois de trabalharem a vida toda, acabam passando fome por n\u00e3o poder contar com a seguridade social\u201d, completou.<\/p>\n<p>Representantes da Argentina, Brasil, Chile, Col\u00f4mbia, Costa Rica, El Salvador, Paraguai, Peru e Uruguai participaram da jornada e expuseram a situa\u00e7\u00e3o da seguridade social em seus pa\u00edses. \u201cA constata\u00e7\u00e3o geral \u00e9 que, onde a previd\u00eancia social foi privatizada nos anos 1980 e 1990, a maioria da popula\u00e7\u00e3o ficou sem cobertura previdenci\u00e1ria e a maioria dos idosos n\u00e3o tem aposentadoria, sendo obrigados a trabalhar at\u00e9 a morte ou ent\u00e3o condenados \u00e0 pobreza e indig\u00eancia\u201d, informou o ex-presidente da Associa\u00e7\u00e3o Nacional dos Participantes de Previd\u00eancia Complementar (Anapar) e ex-diretor eleito da Caixa de Previd\u00eancia dos Funcion\u00e1rios do Banco do Brasil (Previ), Jos\u00e9 Ricardo Sasseron, que representou o Brasil na mesa de debates.<\/p>\n<h3><strong>Hist\u00f3rico<\/strong><\/h3>\n<p>O primeiro pa\u00eds a privatizar a previd\u00eancia foi o Chile em 1981, no regime ditatorial de Pinochet, com a colabora\u00e7\u00e3o do atual Ministro da Economia do Brasil, Paulo Guedes, e sob a orienta\u00e7\u00e3o de organismos internacionais, como o Banco Mundial e o Fundo Monet\u00e1rio Internacional (FMI). \u201cO modelo chileno foi adotado pela maioria dos pa\u00edses da Am\u00e9rica Latina. No modelo privado foi abolida a contribui\u00e7\u00e3o patronal e o trabalhador passou a ser o respons\u00e1vel por fazer sua pr\u00f3pria poupan\u00e7a individual para ter direito \u00e0 aposentadoria. Destru\u00edram aquele que \u00e9 o principal pilar da seguridade social \u2013 a solidariedade entre os trabalhadores\u201d, explicou Sasseron.<\/p>\n<p>Segundo Sasseron, os economistas neoliberais que constru\u00edram este modelo de previd\u00eancia privada garantiam que o trabalhador teria uma aposentadoria pr\u00f3xima do seu \u00faltimo sal\u00e1rio e que a poupan\u00e7a acumulada ao longo da vida era dele e somente dele. \u201cMas, ap\u00f3s algumas d\u00e9cadas, o que se observa em todos os pa\u00edses que adotaram a previd\u00eancia privada \u00e9 que a maioria dos trabalhadores n\u00e3o consegue fazer a sua poupan\u00e7a, porque a grande maioria recebe baixos sal\u00e1rios e passa a maior parte da vida trabalhando informalmente, sem contribuir para a previd\u00eancia\u201d, criticou o representante brasileiro.<\/p>\n<h3><strong>Corrigir o erro<\/strong><\/h3>\n<p>A situa\u00e7\u00e3o se tornou t\u00e3o grave que os governos nacionais v\u00eam sendo obrigados a criar um benef\u00edcio de pens\u00e3o m\u00ednima para atender a popula\u00e7\u00e3o mais necessitada e evitar que grande parte dos idosos morram de fome. Protestos contra as administradoras de fundos de pens\u00e3o e pelo restabelecimento da previd\u00eancia p\u00fablica t\u00eam levado centenas de milhares de pessoas \u00e0s ruas no Chile e na Col\u00f4mbia.<\/p>\n<p>\u201cOs \u00fanicos beneficiados pela privatiza\u00e7\u00e3o da previd\u00eancia foram os bancos, que cobram altas taxas para administrar os fundos de previd\u00eancia privada, abocanhando cerca de um ter\u00e7o de toda a poupan\u00e7a previdenci\u00e1ria feita pelo trabalhador ao longo da vida e deixando os trabalhadores com aposentadorias irris\u00f3rias\u201d, disse Sasseron.<\/p>\n<p>A exce\u00e7\u00e3o entre os pa\u00edses da Am\u00e9rica Latina s\u00e3o o Brasil, que manteve a previd\u00eancia p\u00fablica aprovada pela Constitui\u00e7\u00e3o Federal de 1988; a Argentina, que reestatizou a previd\u00eancia no governo de Cristina Kirchner; o Uruguai, que adotou um sistema misto com um benef\u00edcio m\u00ednimo de aposentadoria garantido a todos os trabalhadores. Nestes tr\u00eas pa\u00edses, mais de 90% dos idosos maiores que 65 anos t\u00eam um benef\u00edcio previdenci\u00e1rio. Nos demais pa\u00edses, esta cobertura se limita, em alguns casos, a somente 20%.<\/p>\n<h3><strong>Defesa da seguridade social<\/strong><\/h3>\n<p>Os participantes da Jornada aprovaram documento que defende a seguridade social como um direito humano fundamental, englobando previd\u00eancia, sa\u00fade, assist\u00eancia social e seguro desemprego. O documento defende que os sistemas de previd\u00eancia sejam p\u00fablicos, universais e obrigat\u00f3rios, baseados na solidariedade intergeracional e em benef\u00edcios definidos.<\/p>\n<p>\u201cDefendemos que a seguridade social seja um sistema solid\u00e1rio que combata a exclus\u00e3o, as desigualdades e promova a justi\u00e7a social, com contribui\u00e7\u00f5es patronais e dos trabalhadores. Tamb\u00e9m defendemos uma reforma tribut\u00e1ria que adote a progressividade no pagamento de impostos, onerando os mais ricos, os milion\u00e1rios, os ganhos financeiros e de capital como forma de combater a concentra\u00e7\u00e3o de renda e para financiar a seguridade social\u201d, disse o ex-presidente da Anapar.<\/p>\n<p><strong>Fonte: Contraf-CUT<\/strong><\/p>\n","protected":false},"excerpt":{"rendered":"<p>Sindicalistas de diversos pa\u00edses da Am\u00e9rica Latina se reuniram entre os dias 3 e 5 de maio, em Montevid\u00e9u, no Uruguai, para realizar mais uma etapa das Jornadas Internacionais de Sistemas de Pens\u00e3o, promovidas pela UNI Global Union e pela sua representa\u00e7\u00e3o regional, a Uni Am\u00e9ricas Finanzas. \u201cOs neoliberais est\u00e3o organizados e agem em todo [&hellip;]<\/p>\n","protected":false},"author":2,"featured_media":12485,"comment_status":"","ping_status":"","sticky":false,"template":"","format":"standard","meta":{"footnotes":""},"categories":[3],"tags":[],"class_list":["post-12486","post","type-post","status-publish","format-standard","has-post-thumbnail","hentry","category-noticias"],"_links":{"self":[{"href":"https:\/\/hostnetart.com.br\/baixada\/wp-json\/wp\/v2\/posts\/12486","targetHints":{"allow":["GET"]}}],"collection":[{"href":"https:\/\/hostnetart.com.br\/baixada\/wp-json\/wp\/v2\/posts"}],"about":[{"href":"https:\/\/hostnetart.com.br\/baixada\/wp-json\/wp\/v2\/types\/post"}],"author":[{"embeddable":true,"href":"https:\/\/hostnetart.com.br\/baixada\/wp-json\/wp\/v2\/users\/2"}],"replies":[{"embeddable":true,"href":"https:\/\/hostnetart.com.br\/baixada\/wp-json\/wp\/v2\/comments?post=12486"}],"version-history":[{"count":0,"href":"https:\/\/hostnetart.com.br\/baixada\/wp-json\/wp\/v2\/posts\/12486\/revisions"}],"wp:featuredmedia":[{"embeddable":true,"href":"https:\/\/hostnetart.com.br\/baixada\/wp-json\/wp\/v2\/media\/12485"}],"wp:attachment":[{"href":"https:\/\/hostnetart.com.br\/baixada\/wp-json\/wp\/v2\/media?parent=12486"}],"wp:term":[{"taxonomy":"category","embeddable":true,"href":"https:\/\/hostnetart.com.br\/baixada\/wp-json\/wp\/v2\/categories?post=12486"},{"taxonomy":"post_tag","embeddable":true,"href":"https:\/\/hostnetart.com.br\/baixada\/wp-json\/wp\/v2\/tags?post=12486"}],"curies":[{"name":"wp","href":"https:\/\/api.w.org\/{rel}","templated":true}]}}