{"id":12482,"date":"2022-05-05T03:52:10","date_gmt":"2022-05-05T06:52:10","guid":{"rendered":"https:\/\/hostnetart.com.br\/baixada\/controle-de-jornada-e-o-maior-problema-do-teletrabalho\/"},"modified":"2022-05-05T03:52:10","modified_gmt":"2022-05-05T06:52:10","slug":"controle-de-jornada-e-o-maior-problema-do-teletrabalho","status":"publish","type":"post","link":"https:\/\/hostnetart.com.br\/baixada\/controle-de-jornada-e-o-maior-problema-do-teletrabalho\/","title":{"rendered":"Controle de jornada \u00e9 o maior problema do teletrabalho"},"content":{"rendered":"<p>A oficina Teletrabalho \u2013 A Experi\u00eancia dos Banc\u00e1rios e a Negocia\u00e7\u00e3o Coletiva foi a primeira das tr\u00eas oficinas que a Confedera\u00e7\u00e3o Nacional dos Trabalhadores do Ramo Financeiro (Contraf-CUT) organizou para o F\u00f3rum Social Mundial 2022, que est\u00e1 sendo realizado desde o dia 1\u00ba de maio e segue at\u00e9 o pr\u00f3ximo dia 6, com eventos presenciais na Cidade do M\u00e9xico, atividades h\u00edbridas e outras totalmente online.<\/p>\n<p>\u201cA gente j\u00e1 tinha teletrabalho no nosso setor, mas com a pandemia o processo foi muito acelerado\u201d, lembrou Walcir Previtale, secret\u00e1rio de Assuntos Socioecon\u00f4micos da Contraf-CUT, na abertura da oficina. \u201cO nosso prop\u00f3sito \u00e9 fazer um comparativo entre a situa\u00e7\u00e3o do teletrabalho nos pa\u00edses para mostrar que a gente precisa ter um olhar cr\u00edtico que fortale\u00e7a o processo de negocia\u00e7\u00e3o coletiva do teletrabalho\u201d, disse.<\/p>\n<p>No evento da manh\u00e3 desta ter\u00e7a-feira (3), a t\u00e9cnica da subse\u00e7\u00e3o do Departamento Intersindical de Estat\u00edstica e Estudos Socioecon\u00f4micos (Dieese) da Contraf-CUT, Vivian Machado, fez um hist\u00f3rico das negocia\u00e7\u00f5es entre o Comando Nacional dos Banc\u00e1rios e a Federa\u00e7\u00e3o Nacional dos Bancos (Fenaban) desde o in\u00edcio da pandemia da covid-19.<\/p>\n<p>\u201cA negocia\u00e7\u00e3o, iniciada assim que a pandemia foi decretada, com a reivindica\u00e7\u00e3o de ado\u00e7\u00e3o do teletrabalho para a categoria e de medidas protetivas para quem ficou nas ag\u00eancias mostrou-se acertada. Contudo, n\u00e3o se fechou uma cl\u00e1usula sobre o tema a ser mantida na CCT dos banc\u00e1rios. Definiu-se que a negocia\u00e7\u00e3o seria por banco. Alguns j\u00e1 finalizaram esse acordo, mas, apenas um banco j\u00e1 est\u00e1 cumprindo com suas cl\u00e1usulas, antes mesmo do final da pandemia\u201d, explicou Vivian.<\/p>\n<p>A economista afirmou que a negocia\u00e7\u00e3o sobre o teletrabalho passa por alguns pontos essenciais, como o controle eficaz da jornada de trabalho e o pagamento de horas extras quando devidas; a responsabiliza\u00e7\u00e3o do empregador no fornecimento de equipamentos, condi\u00e7\u00f5es adequadas de trabalho e em rela\u00e7\u00e3o \u00e0 sa\u00fade e seguran\u00e7a no trabalho; a garantia de direitos equiparados aos de trabalhadores presenciais, incluindo acesso a informa\u00e7\u00f5es e oportunidade de promo\u00e7\u00e3o; a implementa\u00e7\u00e3o e melhoria de canais de gest\u00e3o do home office; e o pagamento de um aux\u00edlio mensal.<\/p>\n<h3>Classe trabalhadora tem de ser internacional<\/h3>\n<p>Em sua fala, Patricia Plada, da Associa\u00e7\u00e3o dos Empregados Banc\u00e1rios do Uruguai, lamentou o fato de os trabalhadores n\u00e3o terem participado da regulamenta\u00e7\u00e3o do teletrabalho no Uruguai. \u201cCom isso, muitos dos interesses dos trabalhadores ficaram de fora da lei, como o controle da jornada, o principal problema que enfrentamos atualmente\u201d.<\/p>\n<p>Para Patricia, agora \u00e9 hora de \u201cgarantir com a negocia\u00e7\u00e3o coletiva que as trabalhadoras e os trabalhadores garantam sua voz ativa neste processo\u201d.<\/p>\n<p>Claudia Ormachea, deputada da Argentina e secret\u00e1ria nacional dos Direitos Humanos, G\u00eanero e Igualdade de La Banc\u00e1ria, o sindicato local da categoria, ao ouvir as colegas que a antecederam, percebeu que os problemas s\u00e3o os mesmos, independentemente do pa\u00eds. \u201cPrecisa de uni\u00e3o para conquistarmos o direito a desconex\u00e3o. Temos de buscar a redu\u00e7\u00e3o dessa jornada laboral, para permita que as pessoas recuperem o peda\u00e7o de vida que perdemos com tudo o que significou a pandemia\u201d, disse.<\/p>\n<p>Para ela, o sentimento de solidariedade dos trabalhadores tamb\u00e9m precisa ser resgatado. \u201cQuando o valor do coletivo se recupera, ele n\u00e3o se perde mais. Isso \u00e9 uma responsabilidade da organiza\u00e7\u00e3o sindical. Temos que mirar isso no p\u00f3s-pandemia. N\u00e3o consigo imaginar um pa\u00eds como a Argentina, sem sindicatos\u201d, concluiu.<\/p>\n<h3>Basta! N\u00e3o Ir\u00e3o Nos Calar!<\/h3>\n<p>A segunda das tr\u00eas oficinas da Contraf-CUT no F\u00f3rum Social Mundial ir\u00e1 abordar a atua\u00e7\u00e3o dos sindicatos no combate \u00e0 viol\u00eancia de g\u00eanero, na quarta-feira (4), \u00e0s 10h. Para se inscrever,\u00a0<a href=\"https:\/\/contrafcut.com.br\/noticias\/a-atuacao-dos-sindicatos-no-combate-a-violencia-de-genero-estara-no-fsm\/Inscri%C3%A7%C3%A3o%20pr%C3%A9via%20pelo%20link:?swcfpc=1\">clique aqui<\/a>.<\/p>\n<p><strong>Fonte: Contraf-CUT<\/strong><\/p>\n","protected":false},"excerpt":{"rendered":"<p>A oficina Teletrabalho \u2013 A Experi\u00eancia dos Banc\u00e1rios e a Negocia\u00e7\u00e3o Coletiva foi a primeira das tr\u00eas oficinas que a Confedera\u00e7\u00e3o Nacional dos Trabalhadores do Ramo Financeiro (Contraf-CUT) organizou para o F\u00f3rum Social Mundial 2022, que est\u00e1 sendo realizado desde o dia 1\u00ba de maio e segue at\u00e9 o pr\u00f3ximo dia 6, com eventos presenciais [&hellip;]<\/p>\n","protected":false},"author":2,"featured_media":12481,"comment_status":"","ping_status":"","sticky":false,"template":"","format":"standard","meta":{"footnotes":""},"categories":[3],"tags":[],"class_list":["post-12482","post","type-post","status-publish","format-standard","has-post-thumbnail","hentry","category-noticias"],"_links":{"self":[{"href":"https:\/\/hostnetart.com.br\/baixada\/wp-json\/wp\/v2\/posts\/12482","targetHints":{"allow":["GET"]}}],"collection":[{"href":"https:\/\/hostnetart.com.br\/baixada\/wp-json\/wp\/v2\/posts"}],"about":[{"href":"https:\/\/hostnetart.com.br\/baixada\/wp-json\/wp\/v2\/types\/post"}],"author":[{"embeddable":true,"href":"https:\/\/hostnetart.com.br\/baixada\/wp-json\/wp\/v2\/users\/2"}],"replies":[{"embeddable":true,"href":"https:\/\/hostnetart.com.br\/baixada\/wp-json\/wp\/v2\/comments?post=12482"}],"version-history":[{"count":0,"href":"https:\/\/hostnetart.com.br\/baixada\/wp-json\/wp\/v2\/posts\/12482\/revisions"}],"wp:featuredmedia":[{"embeddable":true,"href":"https:\/\/hostnetart.com.br\/baixada\/wp-json\/wp\/v2\/media\/12481"}],"wp:attachment":[{"href":"https:\/\/hostnetart.com.br\/baixada\/wp-json\/wp\/v2\/media?parent=12482"}],"wp:term":[{"taxonomy":"category","embeddable":true,"href":"https:\/\/hostnetart.com.br\/baixada\/wp-json\/wp\/v2\/categories?post=12482"},{"taxonomy":"post_tag","embeddable":true,"href":"https:\/\/hostnetart.com.br\/baixada\/wp-json\/wp\/v2\/tags?post=12482"}],"curies":[{"name":"wp","href":"https:\/\/api.w.org\/{rel}","templated":true}]}}