{"id":12480,"date":"2022-05-05T03:49:28","date_gmt":"2022-05-05T06:49:28","guid":{"rendered":"https:\/\/hostnetart.com.br\/baixada\/mudanca-da-situacao-das-mulheres-passa-pela-politica\/"},"modified":"2022-05-05T03:49:28","modified_gmt":"2022-05-05T06:49:28","slug":"mudanca-da-situacao-das-mulheres-passa-pela-politica","status":"publish","type":"post","link":"https:\/\/hostnetart.com.br\/baixada\/mudanca-da-situacao-das-mulheres-passa-pela-politica\/","title":{"rendered":"Mudan\u00e7a da situa\u00e7\u00e3o das mulheres passa pela pol\u00edtica"},"content":{"rendered":"<p>\u201cSe a gente quer um mundo melhor, o F\u00f3rum Social Mundial foi criado exatamente para isso, precisamos combater todos os tipos de desigualdades, e a desigualdades de g\u00eanero \u00e9 umas das mais cru\u00e9is em todo o mundo\u201d, afirmou Juvandia Moreira, presidenta da Confedera\u00e7\u00e3o Nacional dos Trabalhadores do Ramo Financeiro (Contraf-CUT), na abertura da oficina Basta! N\u00e3o Ir\u00e3o nos Calar!, na manh\u00e3 desta quarta-feira (4).<\/p>\n<p>A segunda das tr\u00eas oficinas que a Contraf-CUT organizou para a programa\u00e7\u00e3o geral do F\u00f3rum Social Mundial abordou a atua\u00e7\u00e3o dos sindicatos no combate \u00e0 viol\u00eancia de g\u00eanero. \u201cN\u00e3o \u00e9 s\u00f3 desigualdade de g\u00eanero, mas sim viol\u00eancia de g\u00eanero. A escolha deste tema para o f\u00f3rum foi feita pelos pr\u00f3prios sindicatos de todo o Brasil, por notarem como este \u00e9 um problema muito frequente nos ambientes de trabalho. Por isso, precisamos educar os trabalhadores, debater constantemente o assunto para todos conhecerem a import\u00e2ncia dele\u201d, completou Juvandia.<\/p>\n<p>Para Fernanda Lopes, secret\u00e1ria da Mulher da Contraf-CUT, ficou evidente que a viol\u00eancia de g\u00eanero \u00e9 algo que ocorre no mundo todo. \u201cS\u00f3 com organiza\u00e7\u00e3o social e sindical, como na Espanha e no Brasil, a gente ajuda a minimizar essa viol\u00eancia. Ajuda a dar um apoio, um acolhimento. Passando pela import\u00e2ncia de governos democr\u00e1ticos que tamb\u00e9m apoiem o combate a essa viol\u00eancia, o que nunca ocorreu na Col\u00f4mbia e n\u00e3o acontece atualmente no Brasil\u201d, disse.<\/p>\n<h3>Desigualdade de g\u00eanero no mundo<\/h3>\n<p>A desigualdade de g\u00eanero n\u00e3o est\u00e1 s\u00f3 presente em todos os espa\u00e7os, mas tamb\u00e9m em todo o mundo, como evidenciaram as duas palestrantes internacionais da oficina Maricarmen Donate, secret\u00e1ria Internacional da Uni\u00e3o Geral de Trabalhadores (UGT) da Espanha, e Sofia Trinidad Espinoza Ortiz, presidenta da Uni\u00e3o Nacional dos Empregados Banc\u00e1rios da Col\u00f4mbia.<\/p>\n<p>Ao relatar a situa\u00e7\u00e3o da Espanha, onde em outubro de 2020 foram aprovados dois decretos que buscam regulamentar a igualdade salarial entre homens e mulheres, Maricarmen afirmou que a igualdade de g\u00eanero vai al\u00e9m do direito universal, \u00e9 uma quest\u00e3o de justi\u00e7a social, fundamental para o crescimento e estabilidade econ\u00f4mica de um pa\u00eds.<\/p>\n<p>As normativas exigem que as empresas adaptassem seu registro salarial para corrigir as desigualdades e fizessem uma auditoria de remunera\u00e7\u00e3o. Com isso, o governo cobra que as empresas elaborem um plano de a\u00e7\u00e3o para corrigir as diferen\u00e7as e preveni-las no futuro atrav\u00e9s de negocia\u00e7\u00f5es coletivas.<\/p>\n<p>\u201cO movimento sindical foi fundamental na implementa\u00e7\u00e3o do plano de igualdade, com a coleta de informa\u00e7\u00f5es, e o plano tamb\u00e9m foi importante para o movimento sindical, j\u00e1 que todas empresas precisaram se adaptar e tiveram que procurar os sindicatos, mesmo as que sempre evitaram qualquer tipo de relacionamento com o movimento\u201d, explicou. \u201cTudo isso s\u00f3 foi poss\u00edvel, porque nosso governo \u00e9 um governo de esquerda, sen\u00e3o nada disso teria acontecido\u201d, completou.<\/p>\n<p>Sofia relatou que a Col\u00f4mbia est\u00e1 muito atrasada em rela\u00e7\u00e3o a Espanha. Entretanto, vive um momento de grande expectativa de mudan\u00e7a pela pol\u00edtica. \u201cN\u00f3s queremos, pela primeira vez na hist\u00f3ria do nosso pa\u00eds, ter um presidente progressista, um presidente que represente as classes menos favorecidas. Aqui sempre tivemos governo de direita ou de ultradireita\u201d, disse.<\/p>\n<p>Em mar\u00e7o, os colombianos foram \u00e0s urnas para eleger a nova composi\u00e7\u00e3o do Congresso, o que mostrou um crescimento hist\u00f3rico da esquerda no pa\u00eds. Nas elei\u00e7\u00f5es presidenciais, que ser\u00e3o realizadas em 29 de maio, o l\u00edder do bloco de esquerda Pacto Hist\u00f3rico, o senador e ex-guerrilheiro Gustavo Petro, \u00e9 o favorito. Sua candidata a vice-presid\u00eancia \u00e9 Francia M\u00e1rquez, uma mulher negra e feminista que vem das lutas sociais.<\/p>\n<p>\u201cHoje temos a maior representa\u00e7\u00e3o de mulheres no Senado da hist\u00f3ria, pois metade das mulheres foram eleitas pela primeira vez. Isso j\u00e1 \u00e9 um fato real. Agora, temos um programa constru\u00eddo pelas mulheres, escrito pelas mulheres, por isso n\u00f3s queremos que Gustavo seja eleito, para termos um governo que respeite o direito das mulheres\u201d, afirmou antes de convocar os trabalhadores de todo o mundo. \u201cPara o mundo do trabalho, temos um programa muito audacioso para conseguir a igualdade entre os g\u00eaneros. Precisamos que todos os movimentos sindicais e sociais do mundo nos apoiem em busca de grandes prote\u00e7\u00f5es \u00e0s mulheres\u201d, completou a presidenta da Uni\u00e3o Nacional dos Empregados Banc\u00e1rios da Col\u00f4mbia.<\/p>\n<p>Para ela, a vit\u00f3ria nas urnas representa uma renova\u00e7\u00e3o da hist\u00f3ria colombiana. \u201cVamos mudar a Col\u00f4mbia gra\u00e7as ao Brasil que mostrou, com o Lula, que \u00e9 poss\u00edvel tirar um pa\u00eds da mis\u00e9ria e diminuir as desigualdades. Por isso, \u00e9 importante que o Brasil reeleja Lula, para entrar novamente no rumo do desenvolvimento social e econ\u00f4mico.\u201d<\/p>\n<h3>Projeto Basta!<\/h3>\n<p>A oficina continuou com a apresenta\u00e7\u00e3o projeto Basta! N\u00e3o Ir\u00e3o Nos Calar!, desenvolvido pela Contraf-CUT para apoiar a implanta\u00e7\u00e3o de servi\u00e7os e atendimento de mulheres em situa\u00e7\u00e3o de viol\u00eancia dom\u00e9stica e familiar nas federa\u00e7\u00f5es e nos sindicatos da categoria banc\u00e1ria. Juntas, as entidades que criaram os canais j\u00e1 atenderam 280 mulheres.<\/p>\n<p>O atendimento \u00e9 de assessoria jur\u00eddica, desde a orienta\u00e7\u00e3o para a procura dos canais e servi\u00e7os p\u00fablicos at\u00e9 orienta\u00e7\u00f5es sobre quest\u00f5es como guarda dos filhos. \u201cA viol\u00eancia atinge todo mundo. N\u00e3o deveria atingir ningu\u00e9m, mas \u2013 infelizmente \u2013 atinge todo mundo\u201d, lamentou Phamela Godoy, advogada e coordenadora do projeto Basta! N\u00e3o ir\u00e3o nos calar!, ao comentar o estranhamento das outras categorias ao saber dos n\u00fameros entre trabalhadoras do ramo financeiro.<\/p>\n<h3>Bancos P\u00fablicos<\/h3>\n<p>A terceira das tr\u00eas oficinas que a Contraf-CUT organizou para o F\u00f3rum Social Mundial 2022, acontece na quinta-feira (5), \u00e0s 10 horas, com o tema desigualdade social se combate com bancos p\u00fablicos fortes.<\/p>\n<p>\u201cA oficina nos dar\u00e1 uma ampla vis\u00e3o sobre o papel fundamental dos bancos p\u00fablicos para a inclus\u00e3o da popula\u00e7\u00e3o mais pobre do pa\u00eds na economia. Poderemos no final das apresenta\u00e7\u00f5es ver a import\u00e2ncia dos bancos p\u00fablicos de desenvolvimento na gera\u00e7\u00e3o de emprego e renda\u201d, convidou a diretora executiva e coordenadora de Bancos P\u00fablicos da Contraf-CUT, Eliana Brasil.<\/p>\n<p>A atividade ser\u00e1 totalmente online. Para se inscrever,\u00a0<a href=\"https:\/\/us06web.zoom.us\/meeting\/register\/tZYsd-6urD8jGtyQ5b9KaWNr0HqyetUgIJpa\">clique aqui<\/a>.<\/p>\n<p><strong>Fonte: Contraf-CUT<\/strong><\/p>\n","protected":false},"excerpt":{"rendered":"<p>\u201cSe a gente quer um mundo melhor, o F\u00f3rum Social Mundial foi criado exatamente para isso, precisamos combater todos os tipos de desigualdades, e a desigualdades de g\u00eanero \u00e9 umas das mais cru\u00e9is em todo o mundo\u201d, afirmou Juvandia Moreira, presidenta da Confedera\u00e7\u00e3o Nacional dos Trabalhadores do Ramo Financeiro (Contraf-CUT), na abertura da oficina Basta! [&hellip;]<\/p>\n","protected":false},"author":2,"featured_media":12479,"comment_status":"","ping_status":"","sticky":false,"template":"","format":"standard","meta":{"footnotes":""},"categories":[3],"tags":[],"class_list":["post-12480","post","type-post","status-publish","format-standard","has-post-thumbnail","hentry","category-noticias"],"_links":{"self":[{"href":"https:\/\/hostnetart.com.br\/baixada\/wp-json\/wp\/v2\/posts\/12480","targetHints":{"allow":["GET"]}}],"collection":[{"href":"https:\/\/hostnetart.com.br\/baixada\/wp-json\/wp\/v2\/posts"}],"about":[{"href":"https:\/\/hostnetart.com.br\/baixada\/wp-json\/wp\/v2\/types\/post"}],"author":[{"embeddable":true,"href":"https:\/\/hostnetart.com.br\/baixada\/wp-json\/wp\/v2\/users\/2"}],"replies":[{"embeddable":true,"href":"https:\/\/hostnetart.com.br\/baixada\/wp-json\/wp\/v2\/comments?post=12480"}],"version-history":[{"count":0,"href":"https:\/\/hostnetart.com.br\/baixada\/wp-json\/wp\/v2\/posts\/12480\/revisions"}],"wp:featuredmedia":[{"embeddable":true,"href":"https:\/\/hostnetart.com.br\/baixada\/wp-json\/wp\/v2\/media\/12479"}],"wp:attachment":[{"href":"https:\/\/hostnetart.com.br\/baixada\/wp-json\/wp\/v2\/media?parent=12480"}],"wp:term":[{"taxonomy":"category","embeddable":true,"href":"https:\/\/hostnetart.com.br\/baixada\/wp-json\/wp\/v2\/categories?post=12480"},{"taxonomy":"post_tag","embeddable":true,"href":"https:\/\/hostnetart.com.br\/baixada\/wp-json\/wp\/v2\/tags?post=12480"}],"curies":[{"name":"wp","href":"https:\/\/api.w.org\/{rel}","templated":true}]}}