{"id":12476,"date":"2022-05-04T21:38:13","date_gmt":"2022-05-05T00:38:13","guid":{"rendered":"https:\/\/hostnetart.com.br\/baixada\/desigualdade-social-se-combate-com-bancos-publicos-fortes\/"},"modified":"2022-05-04T21:38:13","modified_gmt":"2022-05-05T00:38:13","slug":"desigualdade-social-se-combate-com-bancos-publicos-fortes","status":"publish","type":"post","link":"https:\/\/hostnetart.com.br\/baixada\/desigualdade-social-se-combate-com-bancos-publicos-fortes\/","title":{"rendered":"Desigualdade social se combate com bancos p\u00fablicos fortes"},"content":{"rendered":"<p>A terceira das tr\u00eas oficinas que a Confedera\u00e7\u00e3o Nacional dos Trabalhadores do Ramo Financeiro (Contraf-CUT) organizou para o F\u00f3rum Social Mundial 2022, que acontece entre os dias 1\u00ba e 6 de maio, com eventos presenciais na Cidade do M\u00e9xico, atividades h\u00edbridas e outras totalmente online, acontece na quinta-feira (5), \u00e0s 10 horas, com o tema desigualdade social se combate com bancos p\u00fablicos fortes.<\/p>\n<p>\u201cA oficina nos dar\u00e1 uma ampla vis\u00e3o sobre o papel fundamental dos bancos p\u00fablicos para a inclus\u00e3o da popula\u00e7\u00e3o mais pobre do pa\u00eds na economia. Poderemos no final das apresenta\u00e7\u00f5es ver a import\u00e2ncia dos bancos p\u00fablicos de desenvolvimento na gera\u00e7\u00e3o de emprego e renda\u201d, convidou a diretora executiva e coordenadora de Bancos P\u00fablicos da Contraf-CUT, Eliana Brasil.<\/p>\n<p>Para se inscrever,\u00a0<a href=\"https:\/\/us06web.zoom.us\/meeting\/register\/tZYsd-6urD8jGtyQ5b9KaWNr0HqyetUgIJpa\">clique aqui<\/a>.<\/p>\n<h3><strong>Veja a programa\u00e7\u00e3o completa do evento:<\/strong><\/h3>\n<ul>\n<li><strong>10h\u00a0<\/strong>\u2013 Abertura: Eliana Brasil e Rafael Zanon (Contraf\/CUT).<\/li>\n<li><strong>10h20<\/strong>\u00a0\u2013 Apresenta\u00e7\u00e3o do Dieese sobre bancos p\u00fablicos, por Fernando Amorim Teixeira, t\u00e9cnico do Dieese, doutorando em Economia pela Universidade Federal Fluminense (PPGE\/UFF) e Professor Substituto do Instituto de Rela\u00e7\u00f5es Internacionais e Defesa da Universidade Federal do Rio de Janeiro (IRID\/UFRJ).<\/li>\n<li><strong>10h40<\/strong>\u00a0\u2013 Painel 1. Rita Serrano: est\u00e1 no terceiro mandato como representante eleita dos empregados no Conselho de Administra\u00e7\u00e3o da Caixa Federal. Mestra em Administra\u00e7\u00e3o P\u00fablica. Coordena o Comit\u00ea Nacional em Defesa das Empresas P\u00fablicas. Autora de v\u00e1rios livros e artigos, entre eles, Caixa, Banco dos brasileiros (2018); coautora de O futuro \u00e9 p\u00fablico (2020) e de A era digital e o trabalho banc\u00e1rio (2021).<\/li>\n<li><strong>11h00<\/strong>\u00a0\u2013 Painel 2. Arthur Koblitz, graduado e doutorado em Economia pela Universidade Federal do Rio de Janeiro, presidente da AFBNDES, membro titular do Conselho de Administra\u00e7\u00e3o do BNDES.<\/li>\n<li><strong>11h20<\/strong>\u00a0\u2013 Painel 3. D\u00e9bora Cristina Fonseca, funcion\u00e1ria do Banco do Brasil, bacharel em Comunica\u00e7\u00e3o Social, tecn\u00f3loga em Gest\u00e3o de Recursos Humanos, MBA em Gest\u00e3o Banc\u00e1ria e Finan\u00e7as Corporativas, CPA 10 e CPA 20, p\u00f3s-graduada em Gest\u00e3o da Inova\u00e7\u00e3o, Tecnologia e Conhecimento, fez curso para Conselheira de Administra\u00e7\u00e3o pelo IBGC.<\/li>\n<li>Perguntas.<\/li>\n<li>Considera\u00e7\u00f5es Finais.<\/li>\n<\/ul>\n<p>Para finalizar o evento, Rita Serrano vai falar sobre seu livro O futuro \u00e9 p\u00fablico. A obra possui 248 p\u00e1ginas e foi baseada na pesquisa do Transnational Institute (TNI), centro de estudos em democracia e sustentabilidade sediado na Holanda.<\/p>\n<p>O estudo do TNI revela que mais de 1,4 mil servi\u00e7os foram reestatizados no mundo todo entre 2000 e 2017. Na maioria dos casos, a decis\u00e3o de retornar esses servi\u00e7os ao controle estatal se deu ap\u00f3s a administra\u00e7\u00e3o pela inciativa privada se mostrar problem\u00e1tica e ineficaz. \u201cEsse denso trabalho traduz em fatos e n\u00fameros que privatizar os bens p\u00fablicos n\u00e3o \u00e9 a solu\u00e7\u00e3o. Muito pelo contr\u00e1rio. A privatiza\u00e7\u00e3o tem gerado uma s\u00e9rie de distor\u00e7\u00f5es e prejudicado sobremaneira a popula\u00e7\u00e3o mais carente, que \u00e9 a que mais precisa da rede de prote\u00e7\u00e3o do Estado\u201d, afirma a Rita Serrano.<\/p>\n<p>O livro \u00e9 gratuito e est\u00e1\u00a0<a href=\"http:\/\/www.comiteempresaspublicas.com.br\/portal\/data\/files\/88\/87\/76\/5A\/84D367109B59BF57403A91A8\/O%20FUTURO%20E%20PUBLICO_VERSAO%20DIGITAL%2002122021-compactado.pdf\">dispon\u00edvel na vers\u00e3o digital aqui<\/a>.<\/p>\n<p><strong>Fonte: Contraf-CUT<\/strong><\/p>\n","protected":false},"excerpt":{"rendered":"<p>A terceira das tr\u00eas oficinas que a Confedera\u00e7\u00e3o Nacional dos Trabalhadores do Ramo Financeiro (Contraf-CUT) organizou para o F\u00f3rum Social Mundial 2022, que acontece entre os dias 1\u00ba e 6 de maio, com eventos presenciais na Cidade do M\u00e9xico, atividades h\u00edbridas e outras totalmente online, acontece na quinta-feira (5), \u00e0s 10 horas, com o tema [&hellip;]<\/p>\n","protected":false},"author":2,"featured_media":12475,"comment_status":"","ping_status":"","sticky":false,"template":"","format":"standard","meta":{"footnotes":""},"categories":[3],"tags":[],"class_list":["post-12476","post","type-post","status-publish","format-standard","has-post-thumbnail","hentry","category-noticias"],"_links":{"self":[{"href":"https:\/\/hostnetart.com.br\/baixada\/wp-json\/wp\/v2\/posts\/12476","targetHints":{"allow":["GET"]}}],"collection":[{"href":"https:\/\/hostnetart.com.br\/baixada\/wp-json\/wp\/v2\/posts"}],"about":[{"href":"https:\/\/hostnetart.com.br\/baixada\/wp-json\/wp\/v2\/types\/post"}],"author":[{"embeddable":true,"href":"https:\/\/hostnetart.com.br\/baixada\/wp-json\/wp\/v2\/users\/2"}],"replies":[{"embeddable":true,"href":"https:\/\/hostnetart.com.br\/baixada\/wp-json\/wp\/v2\/comments?post=12476"}],"version-history":[{"count":0,"href":"https:\/\/hostnetart.com.br\/baixada\/wp-json\/wp\/v2\/posts\/12476\/revisions"}],"wp:featuredmedia":[{"embeddable":true,"href":"https:\/\/hostnetart.com.br\/baixada\/wp-json\/wp\/v2\/media\/12475"}],"wp:attachment":[{"href":"https:\/\/hostnetart.com.br\/baixada\/wp-json\/wp\/v2\/media?parent=12476"}],"wp:term":[{"taxonomy":"category","embeddable":true,"href":"https:\/\/hostnetart.com.br\/baixada\/wp-json\/wp\/v2\/categories?post=12476"},{"taxonomy":"post_tag","embeddable":true,"href":"https:\/\/hostnetart.com.br\/baixada\/wp-json\/wp\/v2\/tags?post=12476"}],"curies":[{"name":"wp","href":"https:\/\/api.w.org\/{rel}","templated":true}]}}