{"id":12471,"date":"2022-05-03T18:43:14","date_gmt":"2022-05-03T21:43:14","guid":{"rendered":"https:\/\/hostnetart.com.br\/baixada\/consulta-nacional-ajuda-a-definir-reivindicacoes-dos-bancarios\/"},"modified":"2022-05-03T18:43:14","modified_gmt":"2022-05-03T21:43:14","slug":"consulta-nacional-ajuda-a-definir-reivindicacoes-dos-bancarios","status":"publish","type":"post","link":"https:\/\/hostnetart.com.br\/baixada\/consulta-nacional-ajuda-a-definir-reivindicacoes-dos-bancarios\/","title":{"rendered":"Consulta Nacional ajuda a definir reivindica\u00e7\u00f5es dos banc\u00e1rios"},"content":{"rendered":"<p>H\u00e1 quem pense que a Campanha Nacional dos Banc\u00e1rios come\u00e7a apenas com a entrega da minuta com a pauta de reivindica\u00e7\u00f5es da categoria pelo Comando Nacional dos Banc\u00e1rios para a Federa\u00e7\u00e3o Nacional dos Bancos. Mas, na verdade, ela come\u00e7a muito antes, com a consulta realizada aos banc\u00e1rios, sindicalizados ou n\u00e3o, que trabalham nas ag\u00eancias e departamentos banc\u00e1rios em todo o pa\u00eds.<\/p>\n<p>\u201c\u00c9 uma fase muito importante. Pois traz para o \u00e2mbito nacional os anseios de cada banc\u00e1ria e de cada banc\u00e1rio. Por isso, \u00e9 importante que haja uma grande participa\u00e7\u00e3o e, desta forma, o resultado reflita, de maneira mais real poss\u00edvel, as reivindica\u00e7\u00f5es mais importantes para a categoria\u201d, disse presidenta da Confedera\u00e7\u00e3o Nacional dos Trabalhadores do Ramo Financeiro (Contraf-CUT), Juvandia Moreira, que \u00e9 coordenadora do Comando Nacional dos Banc\u00e1rios.\u00a0<\/p>\n<h3><strong>Convoca\u00e7\u00e3o<\/strong><\/h3>\n<p>Juvandia orienta que todos os sindicatos do pa\u00eds mobilizem banc\u00e1rias e banc\u00e1rios de suas bases, mesmo que n\u00e3o sejam filiados, a participar da consulta e apontar quais devem ser, em sua opini\u00e3o, as prioridades da campanha nos aspectos sociais, de remunera\u00e7\u00e3o, de sa\u00fade e de condi\u00e7\u00f5es de trabalho.<\/p>\n<p>Para facilitar a participa\u00e7\u00e3o, foi disponibilizado um sistema de vota\u00e7\u00e3o eletr\u00f4nica pela internet, que estar\u00e1 dispon\u00edvel at\u00e9 o dia 3 de junho. Para responder, quem for da base do Sindicato dos Banc\u00e1rios de S\u00e3o Paulo, Osasco e Regi\u00e3o deve acessar o link\u00a0<a href=\"https:\/\/consulta-campanha-2022.spbancarios.com.br\/\" target=\"_blank\" rel=\"noopener noreferrer\">https:\/\/consulta-campanha-2022.spbancarios.com.br\/<\/a>. Os banc\u00e1rios das demais bases devem acessar\u00a0<a href=\"https:\/\/consultacn2022-bancarios.votabem.com.br\/\" target=\"_blank\" rel=\"noopener noreferrer\">https:\/\/consultacn2022-bancarios.votabem.com.br\/<\/a>, ou pelo link que ser\u00e1 divulgado pelos sindicatos de cada base espec\u00edfica, uma vez que cada entidade pode utilizar um sistema pr\u00f3prio para o levantamento dos dados.<\/p>\n<h3><strong>Minuta de reivindica\u00e7\u00f5es<\/strong><\/h3>\n<p>As respostas da consulta ser\u00e3o compiladas e se somar\u00e3o \u00e0s resolu\u00e7\u00f5es das confer\u00eancias estaduais e regionais, al\u00e9m daquelas definidas nos encontros nacionais espec\u00edficos dos trabalhadores de bancos p\u00fablicos e de bancos privados, para serem debatidas na Confer\u00eancia Nacional dos Banc\u00e1rios, que ser\u00e1 realizada nos dias 10 a 12 de junho e ter\u00e1 como principal tarefa a defini\u00e7\u00e3o da pauta de reivindica\u00e7\u00f5es da categoria.<\/p>\n<p>Logo ap\u00f3s ser aprovada em assembleias a serem realizadas por sindicatos de banc\u00e1rios de todo o pa\u00eds, a minuta ser\u00e1 entregue \u00e0 Federa\u00e7\u00e3o Nacional dos Bancos (Fenaban) para dar in\u00edcio \u00e0 fase de negocia\u00e7\u00f5es da Campanha Nacional. O objetivo \u00e9 negociar a Conven\u00e7\u00e3o Coletiva de Trabalho (CCT) da categoria e os Acordos Coletivos de Trabalho (ACTs) espec\u00edficos dos bancos p\u00fablicos, uma vez que a vig\u00eancia dos mesmos se encerra no dia 31 de agosto. A data-base da categoria \u00e9 1\u00ba de setembro.<\/p>\n<p><strong>Fonte: Contraf-CUT<\/strong><\/p>\n","protected":false},"excerpt":{"rendered":"<p>H\u00e1 quem pense que a Campanha Nacional dos Banc\u00e1rios come\u00e7a apenas com a entrega da minuta com a pauta de reivindica\u00e7\u00f5es da categoria pelo Comando Nacional dos Banc\u00e1rios para a Federa\u00e7\u00e3o Nacional dos Bancos. Mas, na verdade, ela come\u00e7a muito antes, com a consulta realizada aos banc\u00e1rios, sindicalizados ou n\u00e3o, que trabalham nas ag\u00eancias e [&hellip;]<\/p>\n","protected":false},"author":2,"featured_media":12470,"comment_status":"","ping_status":"","sticky":false,"template":"","format":"standard","meta":{"footnotes":""},"categories":[3],"tags":[],"class_list":["post-12471","post","type-post","status-publish","format-standard","has-post-thumbnail","hentry","category-noticias"],"_links":{"self":[{"href":"https:\/\/hostnetart.com.br\/baixada\/wp-json\/wp\/v2\/posts\/12471","targetHints":{"allow":["GET"]}}],"collection":[{"href":"https:\/\/hostnetart.com.br\/baixada\/wp-json\/wp\/v2\/posts"}],"about":[{"href":"https:\/\/hostnetart.com.br\/baixada\/wp-json\/wp\/v2\/types\/post"}],"author":[{"embeddable":true,"href":"https:\/\/hostnetart.com.br\/baixada\/wp-json\/wp\/v2\/users\/2"}],"replies":[{"embeddable":true,"href":"https:\/\/hostnetart.com.br\/baixada\/wp-json\/wp\/v2\/comments?post=12471"}],"version-history":[{"count":0,"href":"https:\/\/hostnetart.com.br\/baixada\/wp-json\/wp\/v2\/posts\/12471\/revisions"}],"wp:featuredmedia":[{"embeddable":true,"href":"https:\/\/hostnetart.com.br\/baixada\/wp-json\/wp\/v2\/media\/12470"}],"wp:attachment":[{"href":"https:\/\/hostnetart.com.br\/baixada\/wp-json\/wp\/v2\/media?parent=12471"}],"wp:term":[{"taxonomy":"category","embeddable":true,"href":"https:\/\/hostnetart.com.br\/baixada\/wp-json\/wp\/v2\/categories?post=12471"},{"taxonomy":"post_tag","embeddable":true,"href":"https:\/\/hostnetart.com.br\/baixada\/wp-json\/wp\/v2\/tags?post=12471"}],"curies":[{"name":"wp","href":"https:\/\/api.w.org\/{rel}","templated":true}]}}