{"id":1247,"date":"2013-07-29T00:00:00","date_gmt":"2013-07-29T03:00:00","guid":{"rendered":"https:\/\/hostnetart.com.br\/baixada\/campeao-de-demissoes-itau-e-o-banco-que-lidera-reclamacoes-no-procon\/"},"modified":"2013-07-29T00:00:00","modified_gmt":"2013-07-29T03:00:00","slug":"campeao-de-demissoes-itau-e-o-banco-que-lidera-reclamacoes-no-procon","status":"publish","type":"post","link":"https:\/\/hostnetart.com.br\/baixada\/campeao-de-demissoes-itau-e-o-banco-que-lidera-reclamacoes-no-procon\/","title":{"rendered":"Campe\u00e3o de demiss\u00f5es, Ita\u00fa \u00e9 o banco que lidera reclama\u00e7\u00f5es no Procon"},"content":{"rendered":"<p>O Ita\u00fa, campe\u00e3o absoluto de demiss\u00f5es, de lucros e de remunera\u00e7\u00e3o milion\u00e1ria aos altos executivos, \u00e9 tamb\u00e9m o banco que liderou no primeiro semestre de 2013 as reclama\u00e7\u00f5es de consumidores do setor financeiro na Funda\u00e7\u00e3o Procon. A rela\u00e7\u00e3o das 30 primeiras empresas foi divulgada pela entidade na quinta-feira, dia 25.<\/p>\n<p>\u00a0<\/p>\n<p>As institui\u00e7\u00f5es financeiras (bancos, cart\u00f5es de cr\u00e9dito e financeiras) foram respons\u00e1veis por 34.971 queixas ou 28% das reclama\u00e7\u00f5es. O n\u00famero s\u00f3 \u00e9 inferior ao setor de telecomunica\u00e7\u00f5es (telefonia fixa e m\u00f3vel, internet e TV por assinatura), que concentraram 39.520 queixas ou 31% do total.<\/p>\n<p>\u00a0<\/p>\n<p>A rela\u00e7\u00e3o das tr\u00eas primeiras empresas inclui dois bancos: em segundo lugar, o Ita\u00fa, e em terceiro, o Bradesco. O grupo Vivo (fixo, TV e internet) liderou o levantamento feito pela entidade.<\/p>\n<p>\u00a0<\/p>\n<p>\u00a0<\/p>\n<p><strong>Campe\u00e3o de demiss\u00f5es<\/strong><\/p>\n<p>\u00a0<\/p>\n<p>\u201cEsse novo t\u00edtulo n\u00e3o nos surpreende, na medida em que o Ita\u00fa tem sido o campe\u00e3o das demiss\u00f5es nos \u00faltimos anos. A dispensa de trabalhadores e o corte de empregos impactaram negativamente o atendimento aos clientes, que registraram queixas no Procon\u201d, afirma Carlos Cordeiro, presidente da Contraf-CUT.<\/p>\n<p>\u00a0<\/p>\n<p>O Ita\u00fa foi o banco que mais demitiu no Brasil em 2012. Al\u00e9m da rotatividade, a institui\u00e7\u00e3o privada fechou 7.935 postos de trabalho, uma redu\u00e7\u00e3o de 8,08% de seu quadro funcional.<\/p>\n<p>\u00a0<\/p>\n<p>Desde mar\u00e7o de 2011 at\u00e9 dezembro do ano passado, o banco eliminou 13.699 empregos. E no primeiro trimestre de 2013, cortou mais 708 vagas.<\/p>\n<p>\u00a0<\/p>\n<p>\u00a0<\/p>\n<p><strong>Campe\u00e3o de lucros<\/strong><\/p>\n<p>\u00a0<\/p>\n<p>Enquanto reduz custos com folha de pagamento e piora o atendimento aos clientes, o lucro l\u00edquido recorrente do Ita\u00fa foi recorde no ano passado e atingiu R$ 14,043 bilh\u00f5es.<\/p>\n<p>\u00a0<\/p>\n<p>\u00a0<\/p>\n<p><strong>Campe\u00e3o em remunera\u00e7\u00e3o dos altos executivos<\/strong><\/p>\n<p>\u00a0<\/p>\n<p>Como se n\u00e3o bastasse, o Ita\u00fa foi tamb\u00e9m campe\u00e3o em remunera\u00e7\u00e3o milion\u00e1ria dos altos executivos, superando o Santander e o Bradesco, que tamb\u00e9m pagam milh\u00f5es de reais por ano para o alto escal\u00e3o.<\/p>\n<p>\u00a0<\/p>\n<p>Segundo levantamento do Dieese, com base em dados da Comiss\u00e3o de Valores Mobili\u00e1rios (CVM), cada diretor do Ita\u00fa ganhou, em m\u00e9dia, R$ 9,05 milh\u00f5es em 2012, mais do que o do Santander, que recebeu R$ 5,63 milh\u00f5es e o do Bradesco, que embolsou R$ 5,01 bilh\u00f5es. Enquanto isso, o banc\u00e1rio do piso salarial recebeu apenas R$ 38,64 mil no ano passado. Pode?<\/p>\n<p>\u00a0<\/p>\n<p>Isso significa que um diretor do Ita\u00fa ganhou, em m\u00e9dia, 234,27 vezes mais que um funcion\u00e1rio recebe com o piso. No Santander, o executivo ganhou 145,67 vezes o piso.<\/p>\n<p>\u00a0<\/p>\n<p>\u201cTrata-se de um modelo perverso, que escancara a falta de distribui\u00e7\u00e3o de renda no setor financeiro e que n\u00e3o pode continuar. N\u00e3o \u00e9 \u00e0 toa que o Brasil \u00e9 o 12\u00ba pa\u00eds com a maior concentra\u00e7\u00e3o de renda do mundo\u201d, destaca Cordeiro.<\/p>\n<p>\u00a0<\/p>\n<p>\u00a0<\/p>\n<p><strong>Cad\u00ea a responsabilidade social?<\/strong><\/p>\n<p>\u00a0<\/p>\n<p>\u201cEst\u00e1 na hora de o Ita\u00fa, assim como os demais bancos privados, passar a oferecer contrapartidas para os trabalhadores e a sociedade, como o fim das demiss\u00f5es e da pol\u00edtica de rotatividade, mais contrata\u00e7\u00f5es, plano de cargos e sal\u00e1rios e melhores condi\u00e7\u00f5es de trabalho, bem como atendimento de qualidade para os clientes com mais cr\u00e9dito e redu\u00e7\u00e3o dos juros e das tarifas\u201d, defende o presidente da Contraf-CUT.<\/p>\n<p>\u00a0<\/p>\n<p>\u201cAl\u00e9m de crescimento, o Brasil precisa de desenvolvimento econ\u00f4mico e social, bem como de pol\u00edticas de distribui\u00e7\u00e3o de renda e de justi\u00e7a social\u201d, aponta Cordeiro.<\/p>\n<p>\u00a0<\/p>\n<p>Fonte: Contraf-CUT com UOL<\/p>\n","protected":false},"excerpt":{"rendered":"<p>O Ita\u00fa, campe\u00e3o absoluto de demiss\u00f5es, de lucros e de remunera\u00e7\u00e3o milion\u00e1ria aos altos executivos, \u00e9 tamb\u00e9m o banco que liderou no primeiro semestre de 2013 as reclama\u00e7\u00f5es de consumidores do setor financeiro na Funda\u00e7\u00e3o Procon. A rela\u00e7\u00e3o das 30 primeiras empresas foi divulgada pela entidade na quinta-feira, dia 25. \u00a0 As institui\u00e7\u00f5es financeiras (bancos, [&hellip;]<\/p>\n","protected":false},"author":1,"featured_media":0,"comment_status":"","ping_status":"","sticky":false,"template":"","format":"standard","meta":{"footnotes":""},"categories":[3],"tags":[],"class_list":["post-1247","post","type-post","status-publish","format-standard","hentry","category-noticias"],"_links":{"self":[{"href":"https:\/\/hostnetart.com.br\/baixada\/wp-json\/wp\/v2\/posts\/1247","targetHints":{"allow":["GET"]}}],"collection":[{"href":"https:\/\/hostnetart.com.br\/baixada\/wp-json\/wp\/v2\/posts"}],"about":[{"href":"https:\/\/hostnetart.com.br\/baixada\/wp-json\/wp\/v2\/types\/post"}],"author":[{"embeddable":true,"href":"https:\/\/hostnetart.com.br\/baixada\/wp-json\/wp\/v2\/users\/1"}],"replies":[{"embeddable":true,"href":"https:\/\/hostnetart.com.br\/baixada\/wp-json\/wp\/v2\/comments?post=1247"}],"version-history":[{"count":0,"href":"https:\/\/hostnetart.com.br\/baixada\/wp-json\/wp\/v2\/posts\/1247\/revisions"}],"wp:attachment":[{"href":"https:\/\/hostnetart.com.br\/baixada\/wp-json\/wp\/v2\/media?parent=1247"}],"wp:term":[{"taxonomy":"category","embeddable":true,"href":"https:\/\/hostnetart.com.br\/baixada\/wp-json\/wp\/v2\/categories?post=1247"},{"taxonomy":"post_tag","embeddable":true,"href":"https:\/\/hostnetart.com.br\/baixada\/wp-json\/wp\/v2\/tags?post=1247"}],"curies":[{"name":"wp","href":"https:\/\/api.w.org\/{rel}","templated":true}]}}