{"id":12467,"date":"2022-05-03T15:17:44","date_gmt":"2022-05-03T18:17:44","guid":{"rendered":"https:\/\/hostnetart.com.br\/baixada\/comites-de-luta-dos-bancarios-comecam-a-ser-organizados\/"},"modified":"2022-05-03T15:17:44","modified_gmt":"2022-05-03T18:17:44","slug":"comites-de-luta-dos-bancarios-comecam-a-ser-organizados","status":"publish","type":"post","link":"https:\/\/hostnetart.com.br\/baixada\/comites-de-luta-dos-bancarios-comecam-a-ser-organizados\/","title":{"rendered":"Comit\u00eas de Luta dos Banc\u00e1rios come\u00e7am a ser organizados"},"content":{"rendered":"<p>A organiza\u00e7\u00e3o dos Comit\u00eas de Luta dos Banc\u00e1rios tem in\u00edcio nesta quarta-feira (4), com reuni\u00e3o de sua coordena\u00e7\u00e3o nacional, que inclui todas as federa\u00e7\u00f5es estaduais e regionais da categoria. A cria\u00e7\u00e3o dos comit\u00eas foi aprovada no 6\u00ba Congresso da Confedera\u00e7\u00e3o Nacional dos Trabalhadores do Ramo Financeiro (Contraf-CUT), ocorrido entre 1\u00ba e 3 de abril passado.<\/p>\n<p>Na reuni\u00e3o, ser\u00e1 definida a forma de apoio \u00e0 forma\u00e7\u00e3o dos comit\u00eas estaduais, por federa\u00e7\u00e3o, sindicatos, banco ou local de trabalho. As unidades podem tamb\u00e9m ser constitu\u00eddas por setores, como mulheres, racial, LGBTQIA+ e pessoas com defici\u00eancia, entre outros.<\/p>\n<p>O plano \u00e9 alcan\u00e7ar 300 comit\u00eas. \u201cIsso \u00e9 poss\u00edvel, pois os banc\u00e1rios t\u00eam uma organiza\u00e7\u00e3o estruturada e que funciona bem\u201d, diz Vin\u00edcius Assump\u00e7\u00e3o, vice-presidente da Contraf-CUT. Essa rede de comit\u00eas busca engajar ao todo cerca de 30 mil trabalhadores.<\/p>\n<p>Conforme Vin\u00edcius, \u201ca categoria encontra-se na vanguarda sindical e, h\u00e1 d\u00e9cadas, aprimora sua estrutura organizativa e de trabalho conjunto, com coordena\u00e7\u00e3o nacional. Essa experi\u00eancia deve ser usada na implanta\u00e7\u00e3o dos comit\u00eas e dinamizar seu funcionamento\u201d.<\/p>\n<h3><strong>A\u00e7\u00e3o dos comit\u00eas<\/strong><\/h3>\n<p>Os Comit\u00eas de Luta v\u00e3o atuar em defesa dos direitos de todos os cidad\u00e3os e da democracia. Para esse objetivo, deve propagar pol\u00edticas de inclus\u00e3o social, combater a fome e a mis\u00e9ria e atuar contra as\u00a0<em>fake news<\/em>, al\u00e9m de criar a\u00e7\u00f5es de solidariedade, como arrecada\u00e7\u00e3o e distribui\u00e7\u00e3o de alimentos e o fortalecimento do Sindicato Cidad\u00e3o.<\/p>\n<p>\u201cOs comit\u00eas v\u00e3o debater o Brasil que a gente quer\u201d, observou Vin\u00edcius. As discuss\u00f5es ser\u00e3o orientadas por grandes eixos, como soberania nacional, defesa das empresas p\u00fablicas, reforma tribut\u00e1ria e um sistema financeiro justo. \u201cA ideia \u00e9 que os comit\u00eas cres\u00e7am e se tornem fortes para orientar o debate sobre temas importantes para a classe trabalhadora, produzir materiais de divulga\u00e7\u00e3o e promover mobiliza\u00e7\u00f5es\u201d, completou.<\/p>\n<p>Conforme o dirigente, \u201ceste ano de elei\u00e7\u00f5es \u00e9 decisivo, n\u00e3o apenas para eleger o presidente, mas tamb\u00e9m parlamentares comprometidos com as causas populares. Os comit\u00eas tamb\u00e9m precisam definir estrat\u00e9gias para que a mobiliza\u00e7\u00e3o se torne uma refer\u00eancia permanente de mobiliza\u00e7\u00e3o dos trabalhadores\u201d.<\/p>\n<p>A presidenta da Contraf-CUT, Juvandia Moreira, observou que a boa estrutura de organiza\u00e7\u00e3o da categoria \u00e9 fundamental para que os comit\u00eas de Luta dos Banc\u00e1rios sejam uma experi\u00eancia exitosa em fortalecer o debate sobre a atual crise do pa\u00eds. \u201cApenas uma sociedade consciente e bem informada consegue defender os seus direitos e manter suas conquistas\u201d, advertiu.<\/p>\n<p>Para Juvandia, \u201ca classe trabalhadora n\u00e3o pode repetir o erro de n\u00e3o se manter organizada, pois, mesmo depois de uma s\u00e9rie de governos democr\u00e1ticos, de cunho popular, ocorreu o desmonte, de um modo muito r\u00e1pido, de pol\u00edticas que favoreciam o estado democr\u00e1tico e o fortalecimento das institui\u00e7\u00f5es. Os banc\u00e1rios e banc\u00e1rias do Cear\u00e1 j\u00e1 deram o pontap\u00e9 inicial, planejam constituir 100 comit\u00eas no estado e est\u00e3o de parab\u00e9ns\u201d.<\/p>\n<h3><strong>Cartilha<\/strong><\/h3>\n<p>Para dar suporte \u00e0 forma\u00e7\u00e3o dos comit\u00eas, a Contraf-CUT est\u00e1 lan\u00e7ando uma cartilha de forma\u00e7\u00e3o, que ser\u00e1 enviada aos sindicatos. Com t\u00edtulo baseado no tema do 6\u00ba Congresso da Contraf-CUT,\u00a0<em>Reconstruir o Brasil que a Gente Quer<\/em>, a publica\u00e7\u00e3o traz orienta\u00e7\u00e3o global sobre os passos para forma\u00e7\u00e3o de um comit\u00ea, como deve ser seu funcionamento, estrutura, objetivos, fun\u00e7\u00f5es e os grandes eixos de debate, bem como seu relacionamento com a coordena\u00e7\u00e3o nacional.<\/p>\n<p><strong>Fonte: Contraf-CUT<\/strong><\/p>\n","protected":false},"excerpt":{"rendered":"<p>A organiza\u00e7\u00e3o dos Comit\u00eas de Luta dos Banc\u00e1rios tem in\u00edcio nesta quarta-feira (4), com reuni\u00e3o de sua coordena\u00e7\u00e3o nacional, que inclui todas as federa\u00e7\u00f5es estaduais e regionais da categoria. A cria\u00e7\u00e3o dos comit\u00eas foi aprovada no 6\u00ba Congresso da Confedera\u00e7\u00e3o Nacional dos Trabalhadores do Ramo Financeiro (Contraf-CUT), ocorrido entre 1\u00ba e 3 de abril passado. [&hellip;]<\/p>\n","protected":false},"author":2,"featured_media":12466,"comment_status":"","ping_status":"","sticky":false,"template":"","format":"standard","meta":{"footnotes":""},"categories":[3],"tags":[],"class_list":["post-12467","post","type-post","status-publish","format-standard","has-post-thumbnail","hentry","category-noticias"],"_links":{"self":[{"href":"https:\/\/hostnetart.com.br\/baixada\/wp-json\/wp\/v2\/posts\/12467","targetHints":{"allow":["GET"]}}],"collection":[{"href":"https:\/\/hostnetart.com.br\/baixada\/wp-json\/wp\/v2\/posts"}],"about":[{"href":"https:\/\/hostnetart.com.br\/baixada\/wp-json\/wp\/v2\/types\/post"}],"author":[{"embeddable":true,"href":"https:\/\/hostnetart.com.br\/baixada\/wp-json\/wp\/v2\/users\/2"}],"replies":[{"embeddable":true,"href":"https:\/\/hostnetart.com.br\/baixada\/wp-json\/wp\/v2\/comments?post=12467"}],"version-history":[{"count":0,"href":"https:\/\/hostnetart.com.br\/baixada\/wp-json\/wp\/v2\/posts\/12467\/revisions"}],"wp:featuredmedia":[{"embeddable":true,"href":"https:\/\/hostnetart.com.br\/baixada\/wp-json\/wp\/v2\/media\/12466"}],"wp:attachment":[{"href":"https:\/\/hostnetart.com.br\/baixada\/wp-json\/wp\/v2\/media?parent=12467"}],"wp:term":[{"taxonomy":"category","embeddable":true,"href":"https:\/\/hostnetart.com.br\/baixada\/wp-json\/wp\/v2\/categories?post=12467"},{"taxonomy":"post_tag","embeddable":true,"href":"https:\/\/hostnetart.com.br\/baixada\/wp-json\/wp\/v2\/tags?post=12467"}],"curies":[{"name":"wp","href":"https:\/\/api.w.org\/{rel}","templated":true}]}}