{"id":12465,"date":"2022-05-03T14:24:05","date_gmt":"2022-05-03T17:24:05","guid":{"rendered":"https:\/\/hostnetart.com.br\/baixada\/termina-nesta-quarta-4-o-prazo-para-tirar-ou-regularizar-titulo-de-eleitor\/"},"modified":"2022-05-03T14:24:05","modified_gmt":"2022-05-03T17:24:05","slug":"termina-nesta-quarta-4-o-prazo-para-tirar-ou-regularizar-titulo-de-eleitor","status":"publish","type":"post","link":"https:\/\/hostnetart.com.br\/baixada\/termina-nesta-quarta-4-o-prazo-para-tirar-ou-regularizar-titulo-de-eleitor\/","title":{"rendered":"Termina nesta quarta (4) o prazo para tirar ou regularizar t\u00edtulo de eleitor"},"content":{"rendered":"<div class=\"mc-column content-text active-extra-styles \" data-block-type=\"unstyled\" data-block-weight=\"55\" data-block-id=\"2\">\n<p class=\"content-text__container \" data-track-category=\"Link no Texto\" data-track-links=\"\">Termina no dia 4 de maio o prazo para que todos os brasileiros a partir de 16 anos tirem a primeira via do t\u00edtulo de eleitor ou regularizem o documento a tempo de votar nas elei\u00e7\u00f5es de 2022. O procedimento pode ser\u00a0<strong>feito pela internet<\/strong>, por meio do\u00a0<a href=\"https:\/\/www.tse.jus.br\/eleitor\/titulo-de-eleitor\/pre-atendimento-eleitoral-titulo-net\" target=\"_blank\" rel=\"noopener noreferrer\">T\u00edtulo Net<\/a>, ou\u00a0<strong>presencialmente\u00a0<\/strong>nos cart\u00f3rios eleitorais.\u00a0<\/p>\n<\/div>\n<div class=\"wall protected-content\">\n<div class=\"mc-column content-text active-extra-styles \" data-block-type=\"unstyled\" data-block-weight=\"34\" data-block-id=\"4\">\n<p class=\"content-text__container \" data-track-category=\"Link no Texto\" data-track-links=\"\">O primeiro turno da vota\u00e7\u00e3o ser\u00e1 realizado em\u00a0<strong>2 de outubro,\u00a0<\/strong>primeiro domingo do m\u00eas<strong>.\u00a0<\/strong>J\u00e1 o segundo turno, nos estados e nacionalmente, caso preciso, ocorrer\u00e3o em\u00a0<strong>30 de outubro,\u00a0<\/strong>o<strong>\u00a0<\/strong>\u00faltimo domingo<strong>.<\/strong><\/p>\n<\/div>\n<div class=\"mc-column content-text active-extra-styles\" data-block-type=\"raw\" data-block-weight=\"21\" data-block-id=\"6\">\n<ul class=\"content-unordered-list\">\n<li><strong>Elei\u00e7\u00f5es:\u00a0<\/strong><a href=\"https:\/\/g1.globo.com\/politica\/eleicoes\/2022\/noticia\/2022\/04\/18\/eleicoes-onde-tirar-o-titulo-de-eleitor.ghtml\"><strong>onde tirar o t\u00edtulo de eleitor?<\/strong><\/a><\/li>\n<li><strong>Saiba como<\/strong><a href=\"https:\/\/g1.globo.com\/politica\/eleicoes\/2022\/noticia\/2022\/03\/30\/saiba-como-transferir-online-o-titulo-de-eleitor-e-veja-prazo-para-regularizar-a-tempo-de-votar-em-2022.ghtml\"><strong>\u00a0transferir online o t\u00edtulo de eleitor a tempo de votar em 2022<\/strong><\/a><\/li>\n<\/ul>\n<\/div>\n<div class=\"row medium-uncollapsed content-media content-photo\" data-block-type=\"backstage-photo\" data-block-id=\"7\">\n<div class=\"mc-column content-media__container\">\n<div class=\"content-media-container glb-skeleton-box\">\n<figure class=\"content-media-figure\"><img decoding=\"async\" class=\"i-amphtml-fill-content i-amphtml-replaced-content\" src=\"https:\/\/s2.glbimg.com\/Krjg5J0haC6LXFeDClx647yitSo=\/0x0:1600x1200\/984x0\/smart\/filters:strip_icc()\/i.s3.glbimg.com\/v1\/AUTH_59edd422c0c84a879bd37670ae4f538a\/internal_photos\/bs\/2022\/u\/9\/s1bdQZSH2bNu3CeAOiPA\/laura-1.jpg\" sizes=\"(max-width: 1360px) 648px, 100vw\" srcset=\"https:\/\/s2.glbimg.com\/AUECc_Kd-BeNm4Y_F3hykwyi05U=\/0x0:1600x1200\/1000x0\/smart\/filters:strip_icc()\/i.s3.glbimg.com\/v1\/AUTH_59edd422c0c84a879bd37670ae4f538a\/internal_photos\/bs\/2022\/u\/9\/s1bdQZSH2bNu3CeAOiPA\/laura-1.jpg 1000w, https:\/\/s2.glbimg.com\/Krjg5J0haC6LXFeDClx647yitSo=\/0x0:1600x1200\/984x0\/smart\/filters:strip_icc()\/i.s3.glbimg.com\/v1\/AUTH_59edd422c0c84a879bd37670ae4f538a\/internal_photos\/bs\/2022\/u\/9\/s1bdQZSH2bNu3CeAOiPA\/laura-1.jpg 984w, https:\/\/s2.glbimg.com\/M6MpfLyeywjHb_SKeClgFUnlwPA=\/0x0:1600x1200\/640x0\/smart\/filters:strip_icc()\/i.s3.glbimg.com\/v1\/AUTH_59edd422c0c84a879bd37670ae4f538a\/internal_photos\/bs\/2022\/u\/9\/s1bdQZSH2bNu3CeAOiPA\/laura-1.jpg 640w, https:\/\/s2.glbimg.com\/4N-SRLkw1poKUkNVQ-9dvoQrRAE=\/0x0:1600x1200\/600x0\/smart\/filters:strip_icc()\/i.s3.glbimg.com\/v1\/AUTH_59edd422c0c84a879bd37670ae4f538a\/internal_photos\/bs\/2022\/u\/9\/s1bdQZSH2bNu3CeAOiPA\/laura-1.jpg 600w\" alt=\"Mulher segurando o t\u00edtulo de eleitor em S\u00e3o Carlos \u2014 Foto: Ana Marin\/g1\" \/><\/figure>\n<\/div>\n<p class=\"content-media__description \">Mulher segurando o t\u00edtulo de eleitor em S\u00e3o Carlos \u2014 Foto: Ana Marin\/g1<\/p>\n<\/div>\n<\/div>\n<div class=\"mc-column content-text active-extra-styles \" data-block-type=\"unstyled\" data-block-weight=\"45\" data-block-id=\"8\">\n<p class=\"content-text__container \" data-track-category=\"Link no Texto\" data-track-links=\"\">A Lei das Elei\u00e7\u00f5es (<a href=\"http:\/\/www.planalto.gov.br\/ccivil_03\/leis\/l9504.htm\" target=\"_blank\" rel=\"noopener noreferrer\">Lei n\u00ba 9.504\/97<\/a>\u00a0\u2013 artigo 91) determina o fechamento do Cadastro Eleitoral\u00a0<strong>150 dias antes de cada pleito<\/strong>. Neste per\u00edodo, as pessoas podem resolver pend\u00eancias como transfer\u00eancia de domic\u00edlio eleitoral ou outras decorrentes de aus\u00eancia ou justificativa nas tr\u00eas \u00faltimas elei\u00e7\u00f5es.<\/p>\n<\/div>\n<div class=\"mc-column content-text active-extra-styles\" data-block-type=\"raw\" data-block-weight=\"2\" data-block-id=\"9\">\n<div class=\"content-intertitle\">\n<h2><span style=\"text-decoration: underline;\">Como fazer?<\/span><\/h2>\n<\/div>\n<\/div>\n<div class=\"mc-column content-text active-extra-styles \" data-block-type=\"unstyled\" data-block-weight=\"56\" data-block-id=\"10\">\n<p class=\"content-text__container \" data-track-category=\"Link no Texto\" data-track-links=\"\">Para regularizar a situa\u00e7\u00e3o do t\u00edtulo de eleitor ou a retirada da primeira via do documento devem ser solicitadas pelo sistema<a href=\"https:\/\/www.tse.jus.br\/eleitor\/titulo-de-eleitor\/pre-atendimento-eleitoral-titulo-net\" target=\"_blank\" rel=\"noopener noreferrer\">\u00a0T\u00edtulo Net<\/a>, no\u00a0<a href=\"https:\/\/www.tse.jus.br\/eleitor\/titulo-de-eleitor\" target=\"_blank\" rel=\"noopener noreferrer\">Portal do Tribunal Superior Eleitoral(TSE)<\/a>. Ser\u00e1 preciso anexar documento oficial com foto, comprovante de resid\u00eancia, comprovante de pagamento de d\u00e9bito com a Justi\u00e7a Eleitoral e comprovante de quita\u00e7\u00e3o do servi\u00e7o militar.\u00a0<\/p>\n<\/div>\n<div class=\"mc-column content-text active-extra-styles \" data-block-type=\"unstyled\" data-block-weight=\"44\" data-block-id=\"13\">\n<p class=\"content-text__container \" data-track-category=\"Link no Texto\" data-track-links=\"\">Para tirar o documento pela primeira vez, \u00e9 necess\u00e1rio que o futuro eleitor informe, na\u00a0<a href=\"https:\/\/cad-app-titulonet.tse.jus.br\/titulonet\/novoRequerimento\" target=\"_blank\" rel=\"noopener noreferrer\">p\u00e1gina de requerimento do sistema T\u00edtulo-Net<\/a>, a unidade da federa\u00e7\u00e3o em que reside. Ap\u00f3s esse procedimento, aparecem na tela informa\u00e7\u00f5es sobre a digitaliza\u00e7\u00e3o dos documentos necess\u00e1rios para a solicita\u00e7\u00e3o:\u00a0<\/p>\n<\/div>\n<div class=\"mc-column content-text active-extra-styles\" data-block-type=\"raw\" data-block-weight=\"26\" data-block-id=\"14\">\n<ol class=\"content-ordered-list theme-ordered-list-color-primary\">\n<li>uma foto tipo selfie segurando um documento de identifica\u00e7\u00e3o;<\/li>\n<li>comprovante de resid\u00eancia atualizado;<\/li>\n<li>certificado de quita\u00e7\u00e3o de servi\u00e7o militar, para homens de 18 a 45 anos.\u00a0<\/li>\n<\/ol>\n<\/div>\n<div class=\"mc-column content-text active-extra-styles \" data-block-type=\"unstyled\" data-block-weight=\"47\" data-block-id=\"15\">\n<p class=\"content-text__container \" data-track-category=\"Link no Texto\" data-track-links=\"\">Na p\u00e1gina seguinte, em\u00a0<strong>&#8220;T\u00edtulo de Eleitor&#8221;<\/strong>, ao solicitar a primeira via, a pessoa precisa marcar a op\u00e7\u00e3o\u00a0<strong>&#8220;n\u00e3o tenho&#8221;<\/strong>\u00a0para prosseguir com o atendimento. Depois do envio dos dados, os documentos ser\u00e3o analisados pela Justi\u00e7a Eleitoral. O acompanhamento da solicita\u00e7\u00e3o pode ser feito tamb\u00e9m pelo\u00a0<a href=\"https:\/\/cad-app-titulonet.tse.jus.br\/titulonet\/acompanharRequerimento\" target=\"_blank\" rel=\"noopener noreferrer\">site<\/a>.<\/p>\n<\/div>\n<div class=\"mc-column content-text active-extra-styles \" data-block-type=\"unstyled\" data-block-weight=\"41\" data-block-id=\"16\">\n<p class=\"content-text__container \" data-track-category=\"Link no Texto\" data-track-links=\"\">Os que desejam realizar alguma altera\u00e7\u00e3o no cadastro eleitoral, devem conferir a situa\u00e7\u00e3o junto \u00e0 Justi\u00e7a Eleitoral,\u00a0<a href=\"https:\/\/www.tse.jus.br\/eleitor\/titulo-e-local-de-votacao\/copy_of_consulta-por-nome\" target=\"_blank\" rel=\"noopener noreferrer\">tamb\u00e9m pela internet<\/a>. Em seguida, \u00e9 preciso acessar o sistema T\u00edtulo-Net, solicitar requerimento para o atendimento desejado e enviar a documenta\u00e7\u00e3o necess\u00e1ria para regulariza\u00e7\u00e3o.<\/p>\n<\/div>\n<div class=\"mc-column content-text active-extra-styles \" data-block-type=\"unstyled\" data-block-weight=\"50\" data-block-id=\"17\">\n<p class=\"content-text__container \" data-track-category=\"Link no Texto\" data-track-links=\"\">O t\u00edtulo \u00e9 cancelado em casos de quem n\u00e3o votou nem justificou a aus\u00eancia em tr\u00eas elei\u00e7\u00f5es consecutivas. \u00c9 considerada uma puni\u00e7\u00e3o autom\u00e1tica. Para reverter a situa\u00e7\u00e3o, a pessoa precisa preencher um formul\u00e1rio para requerer a regulariza\u00e7\u00e3o do documento, seja online pelo site do TSE, ou presencialmente nos cart\u00f3rios eleitorais.<\/p>\n<\/div>\n<div class=\"mc-column content-text active-extra-styles \" data-block-type=\"unstyled\" data-block-weight=\"24\" data-block-id=\"19\">\n<p class=\"content-text__container \" data-track-category=\"Link no Texto\" data-track-links=\"\">Em caso de multas eleitorais n\u00e3o pagas, o que configura pend\u00eancia aberta com a justi\u00e7a eleitoral, \u00e9 poss\u00edvel solicitar a quita\u00e7\u00e3o de d\u00e9bitos eleitorais.<\/p>\n<\/div>\n<div class=\"mc-column content-text active-extra-styles\" data-block-type=\"raw\" data-block-weight=\"1\" data-block-id=\"20\">\n<div class=\"content-intertitle\">\n<h2><span style=\"text-decoration: underline;\">e-T\u00edtulo<\/span><\/h2>\n<\/div>\n<p>\u00a0<\/p>\n<\/div>\n<div class=\"row medium-uncollapsed content-media content-photo\" data-block-type=\"backstage-photo\" data-block-id=\"21\">\n<div class=\"mc-column content-media__container\">\n<div class=\"content-media-container glb-skeleton-box\">\n<figure class=\"content-media-figure\"><img decoding=\"async\" class=\"i-amphtml-fill-content i-amphtml-replaced-content\" src=\"https:\/\/s2.glbimg.com\/PsrmtUUL9hkNNhE62rTjEFUmoeA=\/0x0:251x277\/984x0\/smart\/filters:strip_icc()\/i.s3.glbimg.com\/v1\/AUTH_59edd422c0c84a879bd37670ae4f538a\/internal_photos\/bs\/2018\/S\/2\/rAjO5tQbWaO2nAUtrw6A\/tre-ac-2017-e-titulo.jpg\" sizes=\"(max-width: 1360px) 648px, 100vw\" srcset=\"https:\/\/s2.glbimg.com\/VDl4om-5ReFieAEDbigfqO-Ck8Q=\/0x0:251x277\/1000x0\/smart\/filters:strip_icc()\/i.s3.glbimg.com\/v1\/AUTH_59edd422c0c84a879bd37670ae4f538a\/internal_photos\/bs\/2018\/S\/2\/rAjO5tQbWaO2nAUtrw6A\/tre-ac-2017-e-titulo.jpg 1000w, https:\/\/s2.glbimg.com\/PsrmtUUL9hkNNhE62rTjEFUmoeA=\/0x0:251x277\/984x0\/smart\/filters:strip_icc()\/i.s3.glbimg.com\/v1\/AUTH_59edd422c0c84a879bd37670ae4f538a\/internal_photos\/bs\/2018\/S\/2\/rAjO5tQbWaO2nAUtrw6A\/tre-ac-2017-e-titulo.jpg 984w, https:\/\/s2.glbimg.com\/oqoXszJnhJp4o__zDecU7lTqAn0=\/0x0:251x277\/640x0\/smart\/filters:strip_icc()\/i.s3.glbimg.com\/v1\/AUTH_59edd422c0c84a879bd37670ae4f538a\/internal_photos\/bs\/2018\/S\/2\/rAjO5tQbWaO2nAUtrw6A\/tre-ac-2017-e-titulo.jpg 640w, https:\/\/s2.glbimg.com\/wR12nQUJ4vCnPSfx8X1g-mRqhKg=\/0x0:251x277\/600x0\/smart\/filters:strip_icc()\/i.s3.glbimg.com\/v1\/AUTH_59edd422c0c84a879bd37670ae4f538a\/internal_photos\/bs\/2018\/S\/2\/rAjO5tQbWaO2nAUtrw6A\/tre-ac-2017-e-titulo.jpg 600w\" alt=\"Eleitores em situa\u00e7\u00e3o regular podem ter acesso ao documento no aplicativo 'e-T\u00edtulo', dispon\u00edvel para sistemas Android e iOS \u2014 Foto: Divulga\u00e7\u00e3o\/TRE\" \/><\/figure>\n<\/div>\n<p class=\"content-media__description \">Eleitores em situa\u00e7\u00e3o regular podem ter acesso ao documento no aplicativo &#8216;e-T\u00edtulo&#8217;, dispon\u00edvel para sistemas Android e iOS \u2014 Foto: Divulga\u00e7\u00e3o\/TRE<\/p>\n<\/div>\n<\/div>\n<div class=\"mc-column content-text active-extra-styles \" data-block-type=\"unstyled\" data-block-weight=\"36\" data-block-id=\"22\">\n<p class=\"content-text__container \" data-track-category=\"Link no Texto\" data-track-links=\"\">Outra maneira de consultar eventuais pend\u00eancias junto \u00e0 Justi\u00e7a Eleitoral \u00e9 por meio do\u00a0<strong>aplicativo e-T\u00edtulo<\/strong>. A ferramenta tamb\u00e9m pode ser utilizada como t\u00edtulo eleitoral digital, substituindo o documento em papel no dia das elei\u00e7\u00f5es.<\/p>\n<\/div>\n<div class=\"mc-column content-text active-extra-styles \" data-block-type=\"unstyled\" data-block-weight=\"19\" data-block-id=\"23\">\n<p class=\"content-text__container \" data-track-category=\"Link no Texto\" data-track-links=\"\">Para utilizar, \u00e9 necess\u00e1rio fazer o download gratuito em telefones celulares ou tablets de qualquer plataforma\u00a0<a href=\"https:\/\/play.google.com\/store\/apps\/details?id=br.jus.tse.eleitoral.etitulo\" target=\"_blank\" rel=\"noopener noreferrer\">Android<\/a>\u00a0ou\u00a0<a href=\"https:\/\/apps.apple.com\/br\/app\/e-t%C3%ADtulo\/id1320338088\" target=\"_blank\" rel=\"noopener noreferrer\">iOS<\/a>.<\/p>\n<p class=\"content-text__container \" data-track-category=\"Link no Texto\" data-track-links=\"\"><strong>Fonte: G1<\/strong><\/p>\n<\/div>\n<\/div>\n","protected":false},"excerpt":{"rendered":"<p>Termina no dia 4 de maio o prazo para que todos os brasileiros a partir de 16 anos tirem a primeira via do t\u00edtulo de eleitor ou regularizem o documento a tempo de votar nas elei\u00e7\u00f5es de 2022. O procedimento pode ser\u00a0feito pela internet, por meio do\u00a0T\u00edtulo Net, ou\u00a0presencialmente\u00a0nos cart\u00f3rios eleitorais.\u00a0 O primeiro turno da [&hellip;]<\/p>\n","protected":false},"author":2,"featured_media":12464,"comment_status":"","ping_status":"","sticky":false,"template":"","format":"standard","meta":{"footnotes":""},"categories":[3],"tags":[],"class_list":["post-12465","post","type-post","status-publish","format-standard","has-post-thumbnail","hentry","category-noticias"],"_links":{"self":[{"href":"https:\/\/hostnetart.com.br\/baixada\/wp-json\/wp\/v2\/posts\/12465","targetHints":{"allow":["GET"]}}],"collection":[{"href":"https:\/\/hostnetart.com.br\/baixada\/wp-json\/wp\/v2\/posts"}],"about":[{"href":"https:\/\/hostnetart.com.br\/baixada\/wp-json\/wp\/v2\/types\/post"}],"author":[{"embeddable":true,"href":"https:\/\/hostnetart.com.br\/baixada\/wp-json\/wp\/v2\/users\/2"}],"replies":[{"embeddable":true,"href":"https:\/\/hostnetart.com.br\/baixada\/wp-json\/wp\/v2\/comments?post=12465"}],"version-history":[{"count":0,"href":"https:\/\/hostnetart.com.br\/baixada\/wp-json\/wp\/v2\/posts\/12465\/revisions"}],"wp:featuredmedia":[{"embeddable":true,"href":"https:\/\/hostnetart.com.br\/baixada\/wp-json\/wp\/v2\/media\/12464"}],"wp:attachment":[{"href":"https:\/\/hostnetart.com.br\/baixada\/wp-json\/wp\/v2\/media?parent=12465"}],"wp:term":[{"taxonomy":"category","embeddable":true,"href":"https:\/\/hostnetart.com.br\/baixada\/wp-json\/wp\/v2\/categories?post=12465"},{"taxonomy":"post_tag","embeddable":true,"href":"https:\/\/hostnetart.com.br\/baixada\/wp-json\/wp\/v2\/tags?post=12465"}],"curies":[{"name":"wp","href":"https:\/\/api.w.org\/{rel}","templated":true}]}}