{"id":12463,"date":"2022-05-02T23:36:57","date_gmt":"2022-05-03T02:36:57","guid":{"rendered":"https:\/\/hostnetart.com.br\/baixada\/candidatos-apoiados-pelo-movimento-sindical-vencem-eleicoes-da-funcef\/"},"modified":"2022-05-02T23:36:57","modified_gmt":"2022-05-03T02:36:57","slug":"candidatos-apoiados-pelo-movimento-sindical-vencem-eleicoes-da-funcef","status":"publish","type":"post","link":"https:\/\/hostnetart.com.br\/baixada\/candidatos-apoiados-pelo-movimento-sindical-vencem-eleicoes-da-funcef\/","title":{"rendered":"Candidatos apoiados pelo Movimento Sindical vencem elei\u00e7\u00f5es da Funcef"},"content":{"rendered":"<div class=\"elementor-element elementor-element-194680ec elementor-widget elementor-widget-theme-post-content\" data-id=\"194680ec\" data-element_type=\"widget\" data-widget_type=\"theme-post-content.default\">\n<div class=\"elementor-widget-container\">\n<p>Os candidatos \u00e0 Diretoria de Benef\u00edcios e \u00e0 Diretoria de Administra\u00e7\u00e3o e Controladoria da Funda\u00e7\u00e3o dos Economi\u00e1rios Federais (Funcef), apoiados pelo Sindicato dos Banc\u00e1rios da Baixada Fluminense e pela maioria das entidades de representa\u00e7\u00e3o e associativas dos empregados, foram eleitos no segundo turno das elei\u00e7\u00f5es da entidade, ocorrido de 29 de abril de 2 maio.<\/p>\n<p>Jair Pedro Ferreira foi eleito para a Diretoria de Benef\u00edcios com 52,6%, e Rog\u00e9rio Vida foi eleito para Diretoria de Administra\u00e7\u00e3o e Controladoria com 53,91% dos votos v\u00e1lidos.<\/p>\n<p>Al\u00e9m das duas diretorias, o movimento \u201cJuntos \u2013 A Funcef \u00e9 dos Participantes\u201d elegeu Selim Ant\u00f4nio de Salles Oliveira (titular) e Helaine Coutinho Cardoso (suplente) do Conselho Deliberativo.<\/p>\n<p>A elei\u00e7\u00e3o para a defini\u00e7\u00e3o do Conselho Fiscal da Funda\u00e7\u00e3o dos Economi\u00e1rios Federais (Funcef) foi definida em primeiro, com a vit\u00f3ria de S\u00e2mio C\u00e1ssio (titular) e Tamara Siqueira (suplente), eleitos com 54,29% dos votos, tamb\u00e9m apoiados pela maioria das entidades de representa\u00e7\u00e3o e associativas dos empregados.<\/p>\n<p><em>*Com informa\u00e7\u00f5es da Contraf-CUT<\/em><\/p>\n<\/div>\n<\/div>\n<div class=\"elementor-element elementor-element-12fb8eb elementor-widget elementor-widget-heading\" data-id=\"12fb8eb\" data-element_type=\"widget\" data-widget_type=\"heading.default\">\n<div class=\"elementor-widget-container\">\n<h2 class=\"elementor-heading-title elementor-size-medium\">\u00a0<\/h2>\n<\/div>\n<\/div>\n","protected":false},"excerpt":{"rendered":"<p>Os candidatos \u00e0 Diretoria de Benef\u00edcios e \u00e0 Diretoria de Administra\u00e7\u00e3o e Controladoria da Funda\u00e7\u00e3o dos Economi\u00e1rios Federais (Funcef), apoiados pelo Sindicato dos Banc\u00e1rios da Baixada Fluminense e pela maioria das entidades de representa\u00e7\u00e3o e associativas dos empregados, foram eleitos no segundo turno das elei\u00e7\u00f5es da entidade, ocorrido de 29 de abril de 2 maio. [&hellip;]<\/p>\n","protected":false},"author":2,"featured_media":12462,"comment_status":"","ping_status":"","sticky":false,"template":"","format":"standard","meta":{"footnotes":""},"categories":[3],"tags":[],"class_list":["post-12463","post","type-post","status-publish","format-standard","has-post-thumbnail","hentry","category-noticias"],"_links":{"self":[{"href":"https:\/\/hostnetart.com.br\/baixada\/wp-json\/wp\/v2\/posts\/12463","targetHints":{"allow":["GET"]}}],"collection":[{"href":"https:\/\/hostnetart.com.br\/baixada\/wp-json\/wp\/v2\/posts"}],"about":[{"href":"https:\/\/hostnetart.com.br\/baixada\/wp-json\/wp\/v2\/types\/post"}],"author":[{"embeddable":true,"href":"https:\/\/hostnetart.com.br\/baixada\/wp-json\/wp\/v2\/users\/2"}],"replies":[{"embeddable":true,"href":"https:\/\/hostnetart.com.br\/baixada\/wp-json\/wp\/v2\/comments?post=12463"}],"version-history":[{"count":0,"href":"https:\/\/hostnetart.com.br\/baixada\/wp-json\/wp\/v2\/posts\/12463\/revisions"}],"wp:featuredmedia":[{"embeddable":true,"href":"https:\/\/hostnetart.com.br\/baixada\/wp-json\/wp\/v2\/media\/12462"}],"wp:attachment":[{"href":"https:\/\/hostnetart.com.br\/baixada\/wp-json\/wp\/v2\/media?parent=12463"}],"wp:term":[{"taxonomy":"category","embeddable":true,"href":"https:\/\/hostnetart.com.br\/baixada\/wp-json\/wp\/v2\/categories?post=12463"},{"taxonomy":"post_tag","embeddable":true,"href":"https:\/\/hostnetart.com.br\/baixada\/wp-json\/wp\/v2\/tags?post=12463"}],"curies":[{"name":"wp","href":"https:\/\/api.w.org\/{rel}","templated":true}]}}