{"id":12461,"date":"2022-05-02T19:52:17","date_gmt":"2022-05-02T22:52:17","guid":{"rendered":"https:\/\/hostnetart.com.br\/baixada\/nova-diretoria-do-sindicato-dos-bancarios-da-baixada-fluminense-toma-posse\/"},"modified":"2022-05-02T19:52:17","modified_gmt":"2022-05-02T22:52:17","slug":"nova-diretoria-do-sindicato-dos-bancarios-da-baixada-fluminense-toma-posse","status":"publish","type":"post","link":"https:\/\/hostnetart.com.br\/baixada\/nova-diretoria-do-sindicato-dos-bancarios-da-baixada-fluminense-toma-posse\/","title":{"rendered":"Nova diretoria do Sindicato dos Banc\u00e1rios da Baixada Fluminense toma posse"},"content":{"rendered":"<p>A nova diretoria do Sindicato dos Banc\u00e1rios da Baixada Fluminense tomou posse na \u00faltima sexta-feira, dia 29 de abril. O mandato ser\u00e1 de quatro anos.<\/p>\n<p>A cerim\u00f4nia contou com a presen\u00e7a do Presidente Federa\u00e7\u00e3o dos Trabalhadores do Ramo Financeiro dos Estados do Rio de Janeiro e Esp\u00edrito Santo (Fetraf-RJ\/ES), Nilton Dami\u00e3o Esperan\u00e7a, de representantes da Confedera\u00e7\u00e3o Nacional dos Trabalhadores do Ramo Financeiro (Contraf), do Presidente da Central \u00danica dos Trabalhadores do Rio de Janeiro (CUT-Rio), Sandro Cezar, o Sandr\u00e3o, do Presidente do Sindicato dos Banc\u00e1rios do Rio de Janeiro, Jos\u00e9 Ferreira, entre outros convidados. Representantes de todos os outros sindicatos que comp\u00f5em a base da Fetraf RJ\/ES\u00a0(Angra dos Reis, Esp\u00edrito Santo, Itaperuna, Maca\u00e9 e Regi\u00e3o, Nova Friburgo e Tr\u00eas Rios), tamb\u00e9m estiveram presentes.<\/p>\n<p>Nos discursos de posse, foi citada a import\u00e2ncia da unidade e do trabalho em conjunto dos trabalhadores com os dirigentes e entidades sindicais. Assim como os desafios que v\u00eam pela frente com as campanhas salarial e eleitoral.<\/p>\n<p>\u201cEstou muito animado e esperan\u00e7oso com este novo mandato. O Sindicato tem apresentado resultados significativos no aux\u00edlio aos banc\u00e1rios e banc\u00e1rias. Al\u00e9m disso, temos uma diretoria competente e engajada. A luta \u00e9 cont\u00ednua, mas estamos preparados para as batalhas que surgirem\u201d, disse Pedro Batista, Coordenador Geral.<\/p>\n<p>A necessidade de eleger parlamentares que tenham em pauta a defesa dos trabalhadores nas elei\u00e7\u00f5es deste ano, tamb\u00e9m foi falada.<\/p>\n<p>\u201cTeremos anos dif\u00edceis pela frente. A come\u00e7ar por este, de 2022, onde teremos elei\u00e7\u00f5es, que ser\u00e1 decisivo para a categoria banc\u00e1ria, para os trabalhadores e para o pa\u00eds. Ent\u00e3o, \u00e9 trabalhar duro, com todo mundo junto, na luta, para atingirmos nossos objetivos\u201d, relatou o Coordenador Geral, Jos\u00e9 La\u00e9rcio.<\/p>\n<p>A quest\u00e3o da representatividade, com mais mulheres e negros em posi\u00e7\u00f5es de destaque, tamb\u00e9m foi pauta.<\/p>\n<p>\u201c\u00c9 uma honra, como mulher, negra, estar na Coordena\u00e7\u00e3o Geral de um Sindicato de luta como o nosso. Depois de ter passado pela Tesouraria, Secretaria Geral e Secretaria de Forma\u00e7\u00e3o, tendo o meu trabalho reconhecido por banc\u00e1rias e banc\u00e1rios que entenderam a import\u00e2ncia da representatividade de ter uma mulher como coordenadora. \u00c9 um grande passo e um exemplo a ser seguido por demais entidades. Seguiremos juntos na defesa dos nossos direitos, por cada vez mais conquistas e qualidade de vida para todos os banc\u00e1rios da Baixada Fluminense\u201d, comentou Renata Soeiro, Coordenadora Geral.<\/p>\n<p>\u00a0<\/p>\n","protected":false},"excerpt":{"rendered":"<p>A nova diretoria do Sindicato dos Banc\u00e1rios da Baixada Fluminense tomou posse na \u00faltima sexta-feira, dia 29 de abril. O mandato ser\u00e1 de quatro anos. A cerim\u00f4nia contou com a presen\u00e7a do Presidente Federa\u00e7\u00e3o dos Trabalhadores do Ramo Financeiro dos Estados do Rio de Janeiro e Esp\u00edrito Santo (Fetraf-RJ\/ES), Nilton Dami\u00e3o Esperan\u00e7a, de representantes da [&hellip;]<\/p>\n","protected":false},"author":2,"featured_media":12460,"comment_status":"","ping_status":"","sticky":false,"template":"","format":"standard","meta":{"footnotes":""},"categories":[3],"tags":[],"class_list":["post-12461","post","type-post","status-publish","format-standard","has-post-thumbnail","hentry","category-noticias"],"_links":{"self":[{"href":"https:\/\/hostnetart.com.br\/baixada\/wp-json\/wp\/v2\/posts\/12461","targetHints":{"allow":["GET"]}}],"collection":[{"href":"https:\/\/hostnetart.com.br\/baixada\/wp-json\/wp\/v2\/posts"}],"about":[{"href":"https:\/\/hostnetart.com.br\/baixada\/wp-json\/wp\/v2\/types\/post"}],"author":[{"embeddable":true,"href":"https:\/\/hostnetart.com.br\/baixada\/wp-json\/wp\/v2\/users\/2"}],"replies":[{"embeddable":true,"href":"https:\/\/hostnetart.com.br\/baixada\/wp-json\/wp\/v2\/comments?post=12461"}],"version-history":[{"count":0,"href":"https:\/\/hostnetart.com.br\/baixada\/wp-json\/wp\/v2\/posts\/12461\/revisions"}],"wp:featuredmedia":[{"embeddable":true,"href":"https:\/\/hostnetart.com.br\/baixada\/wp-json\/wp\/v2\/media\/12460"}],"wp:attachment":[{"href":"https:\/\/hostnetart.com.br\/baixada\/wp-json\/wp\/v2\/media?parent=12461"}],"wp:term":[{"taxonomy":"category","embeddable":true,"href":"https:\/\/hostnetart.com.br\/baixada\/wp-json\/wp\/v2\/categories?post=12461"},{"taxonomy":"post_tag","embeddable":true,"href":"https:\/\/hostnetart.com.br\/baixada\/wp-json\/wp\/v2\/tags?post=12461"}],"curies":[{"name":"wp","href":"https:\/\/api.w.org\/{rel}","templated":true}]}}