{"id":1246,"date":"2013-07-29T00:00:00","date_gmt":"2013-07-29T03:00:00","guid":{"rendered":"https:\/\/hostnetart.com.br\/baixada\/comando-nacional-entrega-pautas-especificas-para-bb-e-caixa-no-dia-30\/"},"modified":"2013-07-29T00:00:00","modified_gmt":"2013-07-29T03:00:00","slug":"comando-nacional-entrega-pautas-especificas-para-bb-e-caixa-no-dia-30","status":"publish","type":"post","link":"https:\/\/hostnetart.com.br\/baixada\/comando-nacional-entrega-pautas-especificas-para-bb-e-caixa-no-dia-30\/","title":{"rendered":"Comando Nacional entrega pautas espec\u00edficas para BB e Caixa no dia 30"},"content":{"rendered":"<p>O Comando Nacional dos Banc\u00e1rios, coordenado pela Contraf-CUT, entrega na pr\u00f3xima ter\u00e7a-feira (30), \u00e0s 11h, as pautas de reivindica\u00e7\u00f5es espec\u00edficas dos trabalhadores para o Banco do Brasil e a Caixa Econ\u00f4mica Federal. As minutas ser\u00e3o apresentadas aos dois bancos p\u00fablicos logo ap\u00f3s a entrega da pauta geral de reivindica\u00e7\u00f5es dos banc\u00e1rios para a Fenaban, que acontece no mesmo hor\u00e1rio, em S\u00e3o Paulo.<\/p>\n<p>\u00a0<\/p>\n<p>Seguindo o modelo de campanha nacional unificada, as negocia\u00e7\u00f5es com o BB e a Caixa ser\u00e3o realizadas de forma concomitante com a negocia\u00e7\u00e3o da categoria com a Fenaban.<\/p>\n<p>\u00a0<\/p>\n<p>A mesa de negocia\u00e7\u00e3o com os dois bancos p\u00fablicos \u00e9 coordenada pela Comando Nacional, com a assessoria da Comiss\u00e3o de Empresa dos Funcion\u00e1rios do BB e da Comiss\u00e3o Executiva dos Empregados (CEE\/Caixa), ambas integradas por representantes de federa\u00e7\u00f5es e sindicatos.<\/p>\n<p>\u00a0<\/p>\n<p>\u00a0<\/p>\n<p><strong>Banco do Brasil<\/strong><\/p>\n<p>\u00a0<\/p>\n<p>O 24\u00ba Congresso Nacional dos Funcion\u00e1rios do Banco do Brasil aprovou a pauta espec\u00edfica centrada no combate ao plano de fun\u00e7\u00f5es comissionadas, ao ass\u00e9dio moral, \u00e0s pr\u00e1ticas antissindicais e \u00e0s p\u00e9ssimas condi\u00e7\u00f5es de trabalho.<\/p>\n<p>\u00a0<\/p>\n<p>\u201cTemos propostas que buscam resolver problemas do funcionalismo nas mais diversas \u00e1reas, como sa\u00fade e previd\u00eancia, em que reivindicamos a isonomia de tratamento e o direito de todos na Cassi e na Previ\u201d, afirma William Mendes, secret\u00e1rio de Forma\u00e7\u00e3o da Contraf-CUT e coordenador da Comiss\u00e3o de Empresa dos Funcion\u00e1rios do BB.<\/p>\n<p>\u00a0<\/p>\n<p>Segundo o dirigente sindical, tamb\u00e9m foram aprovadas propostas para melhorar as condi\u00e7\u00f5es de trabalho, combater o fim das metas e o adoecimento que toma conta nos locais de trabalho no banco.<\/p>\n<p>\u00a0<\/p>\n<p>\u201cPrecisamos reverter nesta Campanha Nacional os preju\u00edzos advindos da implanta\u00e7\u00e3o unilateral do plano de fun\u00e7\u00f5es que reduziu sal\u00e1rios e n\u00e3o est\u00e1 respeitando a jornada correta dos banc\u00e1rios de 6h para todos. Os bancos p\u00fablicos podem resolver diversos problemas internos e avan\u00e7ar nas mesas concomitantes, antes mesmo de finalizarmos as renova\u00e7\u00f5es dos direitos gerais da Conven\u00e7\u00e3o Coletiva de Trabalho\u201d, ressalta William.<\/p>\n<p>\u00a0<\/p>\n<p>\u00a0<\/p>\n<p><strong>Caixa<\/strong><\/p>\n<p>\u00a0<\/p>\n<p>Os empregados da Caixa aprovaram no 29\u00ba Congresso Nacional dos Empregados(Conecef) a pauta espec\u00edfica com reivindica\u00e7\u00f5es que envolvem Sa\u00fade do trabalhador, condi\u00e7\u00f5es de trabalho e Sa\u00fade Caixa, seguran\u00e7a banc\u00e1ria, carreira e condi\u00e7\u00f5es de funcionamento das ag\u00eancias, papel social da Caixa, contrata\u00e7\u00e3o, isonomia, Sipon e jornada de trabalho, e quest\u00f5es que tratam da Funcef e aposentados.<\/p>\n<p>\u00a0<\/p>\n<p>\u201cS\u00e3o demandas dos empregados que precisam ser atendidas pela Caixa. Todas s\u00e3o muito importantes, mas especialmente a melhoria das condi\u00e7\u00f5es de trabalho, mais contrata\u00e7\u00f5es, isonomia, plano de sa\u00fade e Funcef. Agora o que vale \u00e9 a mobiliza\u00e7\u00e3o, que come\u00e7a com a participa\u00e7\u00e3o nas reuni\u00f5es em cada local de trabalho para fazer a diferen\u00e7a e garantir novos avan\u00e7os e conquistas gerais e espec\u00edficas\u201d, salienta Jair Ferreira, coordenador da CEE\/Caixa.<\/p>\n<p>\u00a0<\/p>\n<p>Fonte: Contraf-CUT<\/p>\n","protected":false},"excerpt":{"rendered":"<p>O Comando Nacional dos Banc\u00e1rios, coordenado pela Contraf-CUT, entrega na pr\u00f3xima ter\u00e7a-feira (30), \u00e0s 11h, as pautas de reivindica\u00e7\u00f5es espec\u00edficas dos trabalhadores para o Banco do Brasil e a Caixa Econ\u00f4mica Federal. As minutas ser\u00e3o apresentadas aos dois bancos p\u00fablicos logo ap\u00f3s a entrega da pauta geral de reivindica\u00e7\u00f5es dos banc\u00e1rios para a Fenaban, que [&hellip;]<\/p>\n","protected":false},"author":1,"featured_media":0,"comment_status":"","ping_status":"","sticky":false,"template":"","format":"standard","meta":{"footnotes":""},"categories":[3],"tags":[],"class_list":["post-1246","post","type-post","status-publish","format-standard","hentry","category-noticias"],"_links":{"self":[{"href":"https:\/\/hostnetart.com.br\/baixada\/wp-json\/wp\/v2\/posts\/1246","targetHints":{"allow":["GET"]}}],"collection":[{"href":"https:\/\/hostnetart.com.br\/baixada\/wp-json\/wp\/v2\/posts"}],"about":[{"href":"https:\/\/hostnetart.com.br\/baixada\/wp-json\/wp\/v2\/types\/post"}],"author":[{"embeddable":true,"href":"https:\/\/hostnetart.com.br\/baixada\/wp-json\/wp\/v2\/users\/1"}],"replies":[{"embeddable":true,"href":"https:\/\/hostnetart.com.br\/baixada\/wp-json\/wp\/v2\/comments?post=1246"}],"version-history":[{"count":0,"href":"https:\/\/hostnetart.com.br\/baixada\/wp-json\/wp\/v2\/posts\/1246\/revisions"}],"wp:attachment":[{"href":"https:\/\/hostnetart.com.br\/baixada\/wp-json\/wp\/v2\/media?parent=1246"}],"wp:term":[{"taxonomy":"category","embeddable":true,"href":"https:\/\/hostnetart.com.br\/baixada\/wp-json\/wp\/v2\/categories?post=1246"},{"taxonomy":"post_tag","embeddable":true,"href":"https:\/\/hostnetart.com.br\/baixada\/wp-json\/wp\/v2\/tags?post=1246"}],"curies":[{"name":"wp","href":"https:\/\/api.w.org\/{rel}","templated":true}]}}