{"id":12459,"date":"2022-04-29T16:41:12","date_gmt":"2022-04-29T19:41:12","guid":{"rendered":"https:\/\/hostnetart.com.br\/baixada\/1-de-maio-trabalhadores-reivindicam-direitos-e-democracia\/"},"modified":"2022-04-29T16:41:12","modified_gmt":"2022-04-29T19:41:12","slug":"1-de-maio-trabalhadores-reivindicam-direitos-e-democracia","status":"publish","type":"post","link":"https:\/\/hostnetart.com.br\/baixada\/1-de-maio-trabalhadores-reivindicam-direitos-e-democracia\/","title":{"rendered":"1\u00ba de Maio: trabalhadores reivindicam direitos e democracia"},"content":{"rendered":"<p>As manifesta\u00e7\u00f5es dos trabalhadores neste 1\u00ba de Maio ser\u00e3o baseadas na\u00a0<a href=\"https:\/\/contrafcut.com.br\/wp-content\/uploads\/2022\/04\/web-pauta-da-classe-trabalhadora-conclat-2022.pdf\">Pauta da Classe Trabalhadora<\/a>, aprovada pela Central \u00danica dos Trabalhadores (CUT) e as centrais For\u00e7a Sindical, CTB, UGT, NCST, Intersindical e P\u00fablica, em 7 de abril, no\u00a0<a href=\"https:\/\/contrafcut.com.br\/noticias\/centrais-sindicais-aprovam-pauta-unificada-dos-trabalhadores-para-as-eleicoes-de-2022\/\">Congresso da Classe Trabalhadora<\/a>\u00a0(Conclat 2022).<\/p>\n<p>O documento, que ser\u00e1 entregue aos candidatos \u00e0 Presid\u00eancia nas elei\u00e7\u00f5es de outubro, re\u00fane reivindica\u00e7\u00f5es consideradas vitais para a reconstru\u00e7\u00e3o do pa\u00eds.<\/p>\n<p>Segundo as entidades, trata-se de \u201cum conjunto de propostas que espelham o modelo de desenvolvimento necess\u00e1rio para o Brasil gerar empregos de qualidade, crescimento dos sal\u00e1rios, prote\u00e7\u00e3o dos direitos trabalhistas, combate \u00e0s desigualdades, prote\u00e7\u00f5es sociais e previdenci\u00e1rias, a defesa da democracia, da soberania e da vida\u201c.<\/p>\n<h3><strong>Contra a crise<\/strong><\/h3>\n<p>As manifesta\u00e7\u00f5es do Dia do Trabalhador defendem ainda o combate ao aumento de pre\u00e7os de alimentos e combust\u00edveis, valoriza\u00e7\u00e3o do sal\u00e1rio m\u00ednimo, a\u00e7\u00f5es contra a fome e a mis\u00e9ria, reconhecimento dos servi\u00e7os e dos servidores p\u00fablicos, fortalecimento da democracia, mais investimentos em sa\u00fade, educa\u00e7\u00e3o e transportes e o controle da infla\u00e7\u00e3o.<\/p>\n","protected":false},"excerpt":{"rendered":"<p>As manifesta\u00e7\u00f5es dos trabalhadores neste 1\u00ba de Maio ser\u00e3o baseadas na\u00a0Pauta da Classe Trabalhadora, aprovada pela Central \u00danica dos Trabalhadores (CUT) e as centrais For\u00e7a Sindical, CTB, UGT, NCST, Intersindical e P\u00fablica, em 7 de abril, no\u00a0Congresso da Classe Trabalhadora\u00a0(Conclat 2022). O documento, que ser\u00e1 entregue aos candidatos \u00e0 Presid\u00eancia nas elei\u00e7\u00f5es de outubro, re\u00fane [&hellip;]<\/p>\n","protected":false},"author":2,"featured_media":12458,"comment_status":"","ping_status":"","sticky":false,"template":"","format":"standard","meta":{"footnotes":""},"categories":[3],"tags":[],"class_list":["post-12459","post","type-post","status-publish","format-standard","has-post-thumbnail","hentry","category-noticias"],"_links":{"self":[{"href":"https:\/\/hostnetart.com.br\/baixada\/wp-json\/wp\/v2\/posts\/12459","targetHints":{"allow":["GET"]}}],"collection":[{"href":"https:\/\/hostnetart.com.br\/baixada\/wp-json\/wp\/v2\/posts"}],"about":[{"href":"https:\/\/hostnetart.com.br\/baixada\/wp-json\/wp\/v2\/types\/post"}],"author":[{"embeddable":true,"href":"https:\/\/hostnetart.com.br\/baixada\/wp-json\/wp\/v2\/users\/2"}],"replies":[{"embeddable":true,"href":"https:\/\/hostnetart.com.br\/baixada\/wp-json\/wp\/v2\/comments?post=12459"}],"version-history":[{"count":0,"href":"https:\/\/hostnetart.com.br\/baixada\/wp-json\/wp\/v2\/posts\/12459\/revisions"}],"wp:featuredmedia":[{"embeddable":true,"href":"https:\/\/hostnetart.com.br\/baixada\/wp-json\/wp\/v2\/media\/12458"}],"wp:attachment":[{"href":"https:\/\/hostnetart.com.br\/baixada\/wp-json\/wp\/v2\/media?parent=12459"}],"wp:term":[{"taxonomy":"category","embeddable":true,"href":"https:\/\/hostnetart.com.br\/baixada\/wp-json\/wp\/v2\/categories?post=12459"},{"taxonomy":"post_tag","embeddable":true,"href":"https:\/\/hostnetart.com.br\/baixada\/wp-json\/wp\/v2\/tags?post=12459"}],"curies":[{"name":"wp","href":"https:\/\/api.w.org\/{rel}","templated":true}]}}