{"id":12457,"date":"2022-04-28T19:29:18","date_gmt":"2022-04-28T22:29:18","guid":{"rendered":"https:\/\/hostnetart.com.br\/baixada\/eleicoes-da-funcef-nao-caia-em-fake-news\/"},"modified":"2022-04-28T19:29:18","modified_gmt":"2022-04-28T22:29:18","slug":"eleicoes-da-funcef-nao-caia-em-fake-news","status":"publish","type":"post","link":"https:\/\/hostnetart.com.br\/baixada\/eleicoes-da-funcef-nao-caia-em-fake-news\/","title":{"rendered":"Elei\u00e7\u00f5es da Funcef: N\u00e3o caia em fake news"},"content":{"rendered":"<p>O processo eleitoral da Funda\u00e7\u00e3o dos Economi\u00e1rios Federais (Funcef) entra na fase final. A vota\u00e7\u00e3o do segundo turno para a escolha das diretorias de Benef\u00edcios e de Administra\u00e7\u00e3o e Controladoria, assim como do Conselho Deliberativo,\u00a0<a href=\"https:\/\/www.fenae.org.br\/portal\/fenae-portal\/eleicoes-funcef-votacao-do-segundo-turno-comeca-nesta-sexta-feira-29-vote.htm\" target=\"_blank\" rel=\"noopener noreferrer\">come\u00e7a na sexta-feira (29\/4) e segue at\u00e9 segunda-feira (2\/5)<\/a>. Neste momento, os participantes dos fundos com direito a voto precisam ficar atentos.<\/p>\n<p>\u201cA Funcef \u00e9 o terceiro maior plano de previd\u00eancia privada fechado do pa\u00eds. Tem gente que quer controlar os recursos do fundo com interesses escusos, diferentes dos empregados da Caixa que participam do fundo. Este tipo de pessoa est\u00e1 disposta a tudo, at\u00e9 mesmo ser processada por inventar mentiras sobre os concorrentes, para tentar sair vencedora do pleito\u201d, afirmou em tom de alerta a coordenadora da Comiss\u00e3o Executiva dos Empregados (CEE) da Caixa Econ\u00f4mica Federal, Fabiana Uehara Proscholdt.<\/p>\n<h3><strong>Fake news<\/strong><\/h3>\n<p>Para a diretora executiva da Confedera\u00e7\u00e3o Nacional dos Trabalhadores do Ramo Financeiro (Contraf-CUT) e funcion\u00e1ria da Caixa, Eliana Brasil, \u201cem um tempo em que discutimos tanto o papel mal\u00e9fico das not\u00edcias falsas (fake news) sobre o cotidiano das pessoas, principalmente em processos eleitorais, temos que ficar atentos \u00e0s acusa\u00e7\u00f5es espalhadas por meio das redes sociais e at\u00e9 por panfletos, muitas vezes ap\u00f3crifos\u201d, disse. \u201cPrecisamos ficar atentos e analisar o hist\u00f3rico dos candidatos para ver quem sempre esteve do lado dos empregados. O que est\u00e1 em jogo \u00e9 a solidez, a rentabilidade e o futuro do nosso plano de previd\u00eancia. N\u00e3o podemos basear nossa decis\u00e3o em acusa\u00e7\u00f5es infundadas que possam surgir neste processo final de elei\u00e7\u00e3o da Funcef\u201d, completou.<\/p>\n<p>A Contraf-CUT e a maioria das entidades de representa\u00e7\u00e3o e associativas dos empregados\u00a0<a href=\"https:\/\/contrafcut.com.br\/noticias\/eleicoes-da-funcef-contraf-cut-apoia-juntos-a-funcef-e-dos-participantes\" target=\"_blank\" rel=\"noopener noreferrer\">apoiam as candidatas e candidatos que integram o grupo \u201cJuntos \u2013 A Funcef \u00e9 dos Participantes<\/a>\u201d.<\/p>\n<h3><strong>Conhe\u00e7a nossos candidatos<\/strong><\/h3>\n<p><strong>Diretorias<br \/>Rog\u00e9rio Vida<\/strong>\u00a0\u2013 diretor de Administra\u00e7\u00e3o e Controladoria<br \/><strong>Jair Pedro Ferreira<\/strong>\u00a0\u2013 diretor de Benef\u00edcios<\/p>\n<p><strong>Conselho Deliberativo (2 vagas)<br \/>Ant\u00f4nio Messias Rios Bastos<\/strong>\u00a0\u2013 titular<br \/><strong>Wagner Ferreira<\/strong>\u00a0\u2013 suplente<br \/><strong>Selim Ant\u00f4nio de Salles Oliveira<\/strong>\u00a0\u2013 titular<br \/><strong>Helaine Coutinho Cardoso<\/strong>\u00a0\u2013 suplente<\/p>\n<p><strong>Fonte: Contraf-CUT<\/strong><\/p>\n","protected":false},"excerpt":{"rendered":"<p>O processo eleitoral da Funda\u00e7\u00e3o dos Economi\u00e1rios Federais (Funcef) entra na fase final. A vota\u00e7\u00e3o do segundo turno para a escolha das diretorias de Benef\u00edcios e de Administra\u00e7\u00e3o e Controladoria, assim como do Conselho Deliberativo,\u00a0come\u00e7a na sexta-feira (29\/4) e segue at\u00e9 segunda-feira (2\/5). Neste momento, os participantes dos fundos com direito a voto precisam ficar [&hellip;]<\/p>\n","protected":false},"author":2,"featured_media":12456,"comment_status":"","ping_status":"","sticky":false,"template":"","format":"standard","meta":{"footnotes":""},"categories":[3],"tags":[],"class_list":["post-12457","post","type-post","status-publish","format-standard","has-post-thumbnail","hentry","category-noticias"],"_links":{"self":[{"href":"https:\/\/hostnetart.com.br\/baixada\/wp-json\/wp\/v2\/posts\/12457","targetHints":{"allow":["GET"]}}],"collection":[{"href":"https:\/\/hostnetart.com.br\/baixada\/wp-json\/wp\/v2\/posts"}],"about":[{"href":"https:\/\/hostnetart.com.br\/baixada\/wp-json\/wp\/v2\/types\/post"}],"author":[{"embeddable":true,"href":"https:\/\/hostnetart.com.br\/baixada\/wp-json\/wp\/v2\/users\/2"}],"replies":[{"embeddable":true,"href":"https:\/\/hostnetart.com.br\/baixada\/wp-json\/wp\/v2\/comments?post=12457"}],"version-history":[{"count":0,"href":"https:\/\/hostnetart.com.br\/baixada\/wp-json\/wp\/v2\/posts\/12457\/revisions"}],"wp:featuredmedia":[{"embeddable":true,"href":"https:\/\/hostnetart.com.br\/baixada\/wp-json\/wp\/v2\/media\/12456"}],"wp:attachment":[{"href":"https:\/\/hostnetart.com.br\/baixada\/wp-json\/wp\/v2\/media?parent=12457"}],"wp:term":[{"taxonomy":"category","embeddable":true,"href":"https:\/\/hostnetart.com.br\/baixada\/wp-json\/wp\/v2\/categories?post=12457"},{"taxonomy":"post_tag","embeddable":true,"href":"https:\/\/hostnetart.com.br\/baixada\/wp-json\/wp\/v2\/tags?post=12457"}],"curies":[{"name":"wp","href":"https:\/\/api.w.org\/{rel}","templated":true}]}}