{"id":12455,"date":"2022-04-28T18:39:44","date_gmt":"2022-04-28T21:39:44","guid":{"rendered":"https:\/\/hostnetart.com.br\/baixada\/contraf-cut-transmitira-debate-sobre-2-turno-das-eleicoes-da-funcef\/"},"modified":"2022-04-28T18:39:44","modified_gmt":"2022-04-28T21:39:44","slug":"contraf-cut-transmitira-debate-sobre-2-turno-das-eleicoes-da-funcef","status":"publish","type":"post","link":"https:\/\/hostnetart.com.br\/baixada\/contraf-cut-transmitira-debate-sobre-2-turno-das-eleicoes-da-funcef\/","title":{"rendered":"Contraf-CUT transmitir\u00e1 debate sobre 2\u00ba turno das elei\u00e7\u00f5es da Funcef"},"content":{"rendered":"<p>A Confedera\u00e7\u00e3o Nacional dos Trabalhadores do Ramo Financeiro (Contraf-CUT) transmite nesta quinta-feira, ao vivo, a partir das 19h, pela\u00a0<a href=\"https:\/\/www.facebook.com\/contrafcut\" target=\"_blank\" rel=\"noopener noreferrer\">sua p\u00e1gina no Facebook<\/a>, um debate sobre o segundo turno das elei\u00e7\u00f5es da Funda\u00e7\u00e3o dos Economi\u00e1rios Federais (Funcef).\u00a0<a href=\"https:\/\/contrafcut.com.br\/noticias\/eleicoes-da-funcef-contraf-cut-apoia-juntos-a-funcef-e-dos-participantes\" target=\"_blank\" rel=\"noopener noreferrer\">Os candidatos<\/a>\u00a0a diretor de Benef\u00edcios, Jair Pedro Ferreira, e a diretor de Administra\u00e7\u00e3o e Controladoria, Rog\u00e9rio Vida, falar\u00e3o sobre as perspectivas de futuro da Funcef.<\/p>\n<p>O debate tamb\u00e9m ser\u00e1 transmitido pelo Facebook da Federa\u00e7\u00e3o Nacional das Associa\u00e7\u00f5es do Pessoal da Caixa (<a href=\"https:\/\/www.facebook.com\/FenaeFederacao\" target=\"_blank\" rel=\"noopener noreferrer\">Fenae<\/a>) e da Federa\u00e7\u00e3o Nacional das Associa\u00e7\u00f5es dos Gestores da Caixa (<a href=\"https:\/\/www.facebook.com\/fenag.org.br\" target=\"_blank\" rel=\"noopener noreferrer\">Fenag<\/a>).<\/p>\n<h3><strong>Live debate 2\u00ba turno Elei\u00e7\u00f5es Funcef 2022<\/strong><\/h3>\n<p><strong>Data:<\/strong>\u00a028\/04\/2022<br \/><strong>Hor\u00e1rio:<\/strong>\u00a019h<br \/><strong>Local<\/strong>: P\u00e1ginas no\u00a0<a href=\"https:\/\/www.facebook.com\/contrafcut\" target=\"_blank\" rel=\"noopener noreferrer\">Facebook da Contraf-CUT<\/a>,\u00a0<a href=\"https:\/\/www.facebook.com\/FenaeFederacao\" target=\"_blank\" rel=\"noopener noreferrer\">da Fenae<\/a>\u00a0e da\u00a0<a href=\"https:\/\/www.facebook.com\/fenag.org.br\" target=\"_blank\" rel=\"noopener noreferrer\">Fenag<\/a><\/p>\n<p><strong>Fonte: Contraf-CUT<\/strong><\/p>\n","protected":false},"excerpt":{"rendered":"<p>A Confedera\u00e7\u00e3o Nacional dos Trabalhadores do Ramo Financeiro (Contraf-CUT) transmite nesta quinta-feira, ao vivo, a partir das 19h, pela\u00a0sua p\u00e1gina no Facebook, um debate sobre o segundo turno das elei\u00e7\u00f5es da Funda\u00e7\u00e3o dos Economi\u00e1rios Federais (Funcef).\u00a0Os candidatos\u00a0a diretor de Benef\u00edcios, Jair Pedro Ferreira, e a diretor de Administra\u00e7\u00e3o e Controladoria, Rog\u00e9rio Vida, falar\u00e3o sobre as [&hellip;]<\/p>\n","protected":false},"author":2,"featured_media":12454,"comment_status":"","ping_status":"","sticky":false,"template":"","format":"standard","meta":{"footnotes":""},"categories":[3],"tags":[],"class_list":["post-12455","post","type-post","status-publish","format-standard","has-post-thumbnail","hentry","category-noticias"],"_links":{"self":[{"href":"https:\/\/hostnetart.com.br\/baixada\/wp-json\/wp\/v2\/posts\/12455","targetHints":{"allow":["GET"]}}],"collection":[{"href":"https:\/\/hostnetart.com.br\/baixada\/wp-json\/wp\/v2\/posts"}],"about":[{"href":"https:\/\/hostnetart.com.br\/baixada\/wp-json\/wp\/v2\/types\/post"}],"author":[{"embeddable":true,"href":"https:\/\/hostnetart.com.br\/baixada\/wp-json\/wp\/v2\/users\/2"}],"replies":[{"embeddable":true,"href":"https:\/\/hostnetart.com.br\/baixada\/wp-json\/wp\/v2\/comments?post=12455"}],"version-history":[{"count":0,"href":"https:\/\/hostnetart.com.br\/baixada\/wp-json\/wp\/v2\/posts\/12455\/revisions"}],"wp:featuredmedia":[{"embeddable":true,"href":"https:\/\/hostnetart.com.br\/baixada\/wp-json\/wp\/v2\/media\/12454"}],"wp:attachment":[{"href":"https:\/\/hostnetart.com.br\/baixada\/wp-json\/wp\/v2\/media?parent=12455"}],"wp:term":[{"taxonomy":"category","embeddable":true,"href":"https:\/\/hostnetart.com.br\/baixada\/wp-json\/wp\/v2\/categories?post=12455"},{"taxonomy":"post_tag","embeddable":true,"href":"https:\/\/hostnetart.com.br\/baixada\/wp-json\/wp\/v2\/tags?post=12455"}],"curies":[{"name":"wp","href":"https:\/\/api.w.org\/{rel}","templated":true}]}}