{"id":12453,"date":"2022-04-28T18:09:44","date_gmt":"2022-04-28T21:09:44","guid":{"rendered":"https:\/\/hostnetart.com.br\/baixada\/funcionaria-do-santander-e-reintegrada-pelo-sindicato-dos-bancarios-da-baixada-fluminense\/"},"modified":"2022-04-28T18:09:44","modified_gmt":"2022-04-28T21:09:44","slug":"funcionaria-do-santander-e-reintegrada-pelo-sindicato-dos-bancarios-da-baixada-fluminense","status":"publish","type":"post","link":"https:\/\/hostnetart.com.br\/baixada\/funcionaria-do-santander-e-reintegrada-pelo-sindicato-dos-bancarios-da-baixada-fluminense\/","title":{"rendered":"Funcion\u00e1ria do Santander \u00e9 reintegrada pelo Sindicato dos Banc\u00e1rios da Baixada Fluminense"},"content":{"rendered":"<p>Nesta quinta-feira, 28 de abril, o Sindicato dos Banc\u00e1rios da Baixada Fluminense reintegrou mais uma banc\u00e1ria. Desta vez, uma funcion\u00e1ria do Banco Santander.<\/p>\n<p>A reintegra\u00e7\u00e3o foi acompanhada por Gentil Ramos e Cl\u00e1udio Leite, diretores do Sindicato, na ag\u00eancia localizada na Rua Mariano Sendra dos Santos, no centro de Duque de Caxias.<\/p>\n<p>Elaine da Silva, funcion\u00e1ria do banco desde o ano de 2006, foi demitida em setembro de 2021. A banc\u00e1ria, que estava de licen\u00e7a m\u00e9dica, foi desligada via liga\u00e7\u00e3o telef\u00f4nica,\u00a0em plena pandemia do novo coronav\u00edrus, contrariando o compromisso de n\u00e3o demiss\u00e3o que os grandes bancos assumiram. Na\u00a0rescis\u00e3o do contrato, o banco ainda\u00a0descontou seis meses do plano de sa\u00fade da trabalhadora, tendo que contratar um plano particular, da Golden Cross, para n\u00e3o ficar desassistida.\u00a0<\/p>\n<p>Al\u00e9m disso, tamb\u00e9m estava acometida com doen\u00e7a ocupacional.<\/p>\n<p>&#8220;Esse n\u00e3o \u00e9 o primeiro processo que ganho com sindicato. J\u00e1 tive um acidente de trabalho, em 2015, onde estava em greve e fui trabalhar em outra ag\u00eancia emprestada, onde me acidentei e tive que fazer cirurgia. Fiquei afastada por quase dois anos. O sindicato e toda a dire\u00e7\u00e3o me ajudou muito nesse momento tamb\u00e9m, Sempre que precisei, eles estavam a disposi\u00e7\u00e3o para me orientar. Gratid\u00e3o a toda equipe do sindicato da Baixada Fluminense&#8221;, relatou e agradeceu a banc\u00e1ria.<\/p>\n<p>Ap\u00f3s a demiss\u00e3o, a funcion\u00e1ria do Santander procurou\u00a0orienta\u00e7\u00f5es no Sindicato, onde foi atendida pelo advogado da entidade, Dr. Luiz Paulo.<\/p>\n<p><span style=\"text-decoration: underline;\">IMPORTANTE<\/span><\/p>\n<p>Elaine \u00e9 sindicalizada e, logo ap\u00f3s seu desligamento, procurou atendimento no Sindicato dos Banc\u00e1rios da Baixada Fluminense, onde foi prontamente atendida pelos Departamentos Jur\u00eddico e de Sa\u00fade.<\/p>\n<p>\u00c9 fundamental que banc\u00e1rias e banc\u00e1rios, logo que sejam informados de suas demiss\u00f5es, procurem imediatamente atendimento no Sindicato.<\/p>\n<p><strong>SINDICALIZE-SE<\/strong><\/p><\/p>\n","protected":false},"excerpt":{"rendered":"<p>Nesta quinta-feira, 28 de abril, o Sindicato dos Banc\u00e1rios da Baixada Fluminense reintegrou mais uma banc\u00e1ria. Desta vez, uma funcion\u00e1ria do Banco Santander. A reintegra\u00e7\u00e3o foi acompanhada por Gentil Ramos e Cl\u00e1udio Leite, diretores do Sindicato, na ag\u00eancia localizada na Rua Mariano Sendra dos Santos, no centro de Duque de Caxias. Elaine da Silva, funcion\u00e1ria [&hellip;]<\/p>\n","protected":false},"author":2,"featured_media":12452,"comment_status":"","ping_status":"","sticky":false,"template":"","format":"standard","meta":{"footnotes":""},"categories":[3],"tags":[],"class_list":["post-12453","post","type-post","status-publish","format-standard","has-post-thumbnail","hentry","category-noticias"],"_links":{"self":[{"href":"https:\/\/hostnetart.com.br\/baixada\/wp-json\/wp\/v2\/posts\/12453","targetHints":{"allow":["GET"]}}],"collection":[{"href":"https:\/\/hostnetart.com.br\/baixada\/wp-json\/wp\/v2\/posts"}],"about":[{"href":"https:\/\/hostnetart.com.br\/baixada\/wp-json\/wp\/v2\/types\/post"}],"author":[{"embeddable":true,"href":"https:\/\/hostnetart.com.br\/baixada\/wp-json\/wp\/v2\/users\/2"}],"replies":[{"embeddable":true,"href":"https:\/\/hostnetart.com.br\/baixada\/wp-json\/wp\/v2\/comments?post=12453"}],"version-history":[{"count":0,"href":"https:\/\/hostnetart.com.br\/baixada\/wp-json\/wp\/v2\/posts\/12453\/revisions"}],"wp:featuredmedia":[{"embeddable":true,"href":"https:\/\/hostnetart.com.br\/baixada\/wp-json\/wp\/v2\/media\/12452"}],"wp:attachment":[{"href":"https:\/\/hostnetart.com.br\/baixada\/wp-json\/wp\/v2\/media?parent=12453"}],"wp:term":[{"taxonomy":"category","embeddable":true,"href":"https:\/\/hostnetart.com.br\/baixada\/wp-json\/wp\/v2\/categories?post=12453"},{"taxonomy":"post_tag","embeddable":true,"href":"https:\/\/hostnetart.com.br\/baixada\/wp-json\/wp\/v2\/tags?post=12453"}],"curies":[{"name":"wp","href":"https:\/\/api.w.org\/{rel}","templated":true}]}}