{"id":12447,"date":"2022-04-27T04:37:27","date_gmt":"2022-04-27T07:37:27","guid":{"rendered":"https:\/\/hostnetart.com.br\/baixada\/sindicatos-iniciam-consulta-nacional-a-categoria\/"},"modified":"2022-04-27T04:37:27","modified_gmt":"2022-04-27T07:37:27","slug":"sindicatos-iniciam-consulta-nacional-a-categoria","status":"publish","type":"post","link":"https:\/\/hostnetart.com.br\/baixada\/sindicatos-iniciam-consulta-nacional-a-categoria\/","title":{"rendered":"Sindicatos iniciam Consulta Nacional \u00e0 categoria"},"content":{"rendered":"<p>Sindicatos dos banc\u00e1rios de todo o pa\u00eds iniciaram nesta \u00faltima ter\u00e7a-feira (26) o processo de consulta \u00e0 categoria sobre as prioridades para a Campanha Nacional.<\/p>\n<p>Todas as banc\u00e1rias e banc\u00e1rios, mesmo que n\u00e3o sejam filiados a nenhum sindicato, podem participar da consulta e apontar quais devem ser, em sua opini\u00e3o, as prioridades da campanha nos aspectos de remunera\u00e7\u00e3o, sociais, de sa\u00fade e condi\u00e7\u00f5es de trabalho.<\/p>\n<p>Para a presidenta da Confedera\u00e7\u00e3o Nacional dos Trabalhadores do Ramo Financeiro (Contraf-CUT) e coordenadora do Comando Nacional dos Banc\u00e1rios, Juvandia Moreira, \u00e9 importante que haja uma grande participa\u00e7\u00e3o. \u201cQuanto maior o n\u00famero de respostas obtivermos, mais pr\u00f3ximo chegaremos do real desejo da categoria. Por isso, \u00e9 importante que os sindicatos se empenhem na divulga\u00e7\u00e3o e coleta de respostas\u201d, disse.<\/p>\n<p>Para facilitar a participa\u00e7\u00e3o, foi disponibilizado um sistema de vota\u00e7\u00e3o eletr\u00f4nica pela internet, que estar\u00e1 dispon\u00edvel at\u00e9 o dia 3 de junho. Para responder, basta acessar o link\u00a0<a href=\"https:\/\/consultacn2022-bancarios.votabem.com.br\/\" target=\"_blank\" rel=\"noopener noreferrer\">https:\/\/consultacn2022-bancarios.votabem.com.br\/<\/a>\u00a0que ser\u00e1 divulgado pelos sindicatos de cada base espec\u00edfica, uma vez que algumas entidades, como o Sindicato dos Banc\u00e1rios de S\u00e3o Paulo, Osasco e Regi\u00e3o, utilizar\u00e3o um sistema pr\u00f3prio de levantamento dos dados.<\/p>\n<h3><strong>Minuta de reivindica\u00e7\u00f5es<\/strong><\/h3>\n<p>As respostas da consulta ser\u00e3o compiladas e se somar\u00e3o \u00e0s resolu\u00e7\u00f5es das confer\u00eancias estaduais e regionais, al\u00e9m daquelas definidas nos encontros nacionais espec\u00edficos dos trabalhadores de bancos p\u00fablicos e de bancos privados, para serem debatidas na Confer\u00eancia Nacional dos Banc\u00e1rios, que ser\u00e1 realizada nos dias 10 a 12 de junho e ter\u00e1 como principal tarefa a defini\u00e7\u00e3o da pauta de reivindica\u00e7\u00f5es da categoria.<\/p>\n<p>Logo ap\u00f3s ser aprovada em assembleias a serem realizadas por sindicatos de banc\u00e1rios de todo o pa\u00eds, a minuta ser\u00e1 entregue \u00e0 Federa\u00e7\u00e3o Nacional dos Bancos (Fenaban) para dar in\u00edcio \u00e0 Campanha Nacional. O objetivo \u00e9 negociar a Conven\u00e7\u00e3o Coletiva de Trabalho (CCT) da categoria e os Acordos Coletivos de Trabalho (ACTs) espec\u00edficos dos bancos p\u00fablicos, uma vez que a vig\u00eancia dos mesmos se encerra no dia 31 de agosto. A data-base da categoria \u00e9 1\u00ba de setembro.<\/p>\n<p><strong>Fonte: Contraf-CUT<\/strong><\/p>\n","protected":false},"excerpt":{"rendered":"<p>Sindicatos dos banc\u00e1rios de todo o pa\u00eds iniciaram nesta \u00faltima ter\u00e7a-feira (26) o processo de consulta \u00e0 categoria sobre as prioridades para a Campanha Nacional. Todas as banc\u00e1rias e banc\u00e1rios, mesmo que n\u00e3o sejam filiados a nenhum sindicato, podem participar da consulta e apontar quais devem ser, em sua opini\u00e3o, as prioridades da campanha nos [&hellip;]<\/p>\n","protected":false},"author":2,"featured_media":12446,"comment_status":"","ping_status":"","sticky":false,"template":"","format":"standard","meta":{"footnotes":""},"categories":[3],"tags":[],"class_list":["post-12447","post","type-post","status-publish","format-standard","has-post-thumbnail","hentry","category-noticias"],"_links":{"self":[{"href":"https:\/\/hostnetart.com.br\/baixada\/wp-json\/wp\/v2\/posts\/12447","targetHints":{"allow":["GET"]}}],"collection":[{"href":"https:\/\/hostnetart.com.br\/baixada\/wp-json\/wp\/v2\/posts"}],"about":[{"href":"https:\/\/hostnetart.com.br\/baixada\/wp-json\/wp\/v2\/types\/post"}],"author":[{"embeddable":true,"href":"https:\/\/hostnetart.com.br\/baixada\/wp-json\/wp\/v2\/users\/2"}],"replies":[{"embeddable":true,"href":"https:\/\/hostnetart.com.br\/baixada\/wp-json\/wp\/v2\/comments?post=12447"}],"version-history":[{"count":0,"href":"https:\/\/hostnetart.com.br\/baixada\/wp-json\/wp\/v2\/posts\/12447\/revisions"}],"wp:featuredmedia":[{"embeddable":true,"href":"https:\/\/hostnetart.com.br\/baixada\/wp-json\/wp\/v2\/media\/12446"}],"wp:attachment":[{"href":"https:\/\/hostnetart.com.br\/baixada\/wp-json\/wp\/v2\/media?parent=12447"}],"wp:term":[{"taxonomy":"category","embeddable":true,"href":"https:\/\/hostnetart.com.br\/baixada\/wp-json\/wp\/v2\/categories?post=12447"},{"taxonomy":"post_tag","embeddable":true,"href":"https:\/\/hostnetart.com.br\/baixada\/wp-json\/wp\/v2\/tags?post=12447"}],"curies":[{"name":"wp","href":"https:\/\/api.w.org\/{rel}","templated":true}]}}