{"id":12443,"date":"2022-04-26T18:09:20","date_gmt":"2022-04-26T21:09:20","guid":{"rendered":"https:\/\/hostnetart.com.br\/baixada\/eleicoes-previ-funcionarios-do-bb-tem-ate-29-para-votar\/"},"modified":"2022-04-26T18:09:20","modified_gmt":"2022-04-26T21:09:20","slug":"eleicoes-previ-funcionarios-do-bb-tem-ate-29-para-votar","status":"publish","type":"post","link":"https:\/\/hostnetart.com.br\/baixada\/eleicoes-previ-funcionarios-do-bb-tem-ate-29-para-votar\/","title":{"rendered":"Elei\u00e7\u00f5es Previ: Funcion\u00e1rios do BB tem at\u00e9 29 para votar"},"content":{"rendered":"<p>Os funcion\u00e1rios do Banco do Brasil, aposentados e da ativa, associados da Previ e os pensionistas da entidade t\u00eam at\u00e9 o dia 29 de abril para votar nas Elei\u00e7\u00f5es Previ 2022.\u00a0<\/p>\n<p>O Movimento Sindical Banc\u00e1rio\u00a0apoia a \u201c<strong>Chapa 3 \u2013 Previ para os Associados<\/strong>\u201d.<\/p>\n<p>\u201cPedimos o voto na Chapa 3 para manter a seguran\u00e7a e o equil\u00edbrio da Previ\u201d, destaca o coordenador da Comiss\u00e3o de Empresa dos Funcion\u00e1rios do Banco do Brasil (CEBB), Jo\u00e3o Fukunaga. \u201cA gest\u00e3o atual, que montou a Chapa 3, vem fazendo um trabalho transparente e eficiente, comprovados pelos n\u00fameros. O Previ Futuro, por exemplo, o plano para os futuros aposentados do BB, rentabilizou 173%, em 10 anos, contra 107% da previd\u00eancia fechada. J\u00e1 o Plano 1, dos atuais aposentados, distribuiu R$ 38 bilh\u00f5es de super\u00e1vits entre 2006 e 2013. E obteve mais super\u00e1vits acumulados em 2018, 2019, 2020 e, at\u00e9 mar\u00e7o deste ano, 2022, R$ 10 bilh\u00f5es\u201d, completa.<\/p>\n<p>A atual diretora eleita de Planejamento da Previ e candidata \u00e0 reelei\u00e7\u00e3o pela Chapa 3, Paula Goto, destaca que a entidade de fundo de pens\u00e3o dos funcion\u00e1rios do BB foi \u201cconcebida e gerida\u201d pelos associados e \u201ctem como valor fundamental o olhar do dono sobre o seu patrim\u00f4nio\u201d. \u201c\u00c9 a participa\u00e7\u00e3o dos funcion\u00e1rios e funcion\u00e1rias do BB na gest\u00e3o da entidade, atrav\u00e9s das elei\u00e7\u00f5es, que vem garantindo seguran\u00e7a e resultados bem superiores \u00e0 m\u00e9dia do mercado na Previ\u201d, explica.<\/p>\n<h3>Veja como votar<\/h3>\n<p>H\u00e1 quatro maneiras de votar na Chapa 3 \u2013 Previ para os Associados:<\/p>\n<ul>\n<li>Pelo site da Previ \u2013\u00a0<a href=\"https:\/\/contrafcut.com.br\/noticias\/eleicoes-previ-candidato-da-chapa-1-tem-cargo-de-confianca-no-ministerio-da-economia\/\">Entre no site<\/a>\u00a0e na tela de abertura j\u00e1 aparece \u201cClique e vote aqui\u201d.<\/li>\n<li>Pelo App da Previ \u2013 Fa\u00e7a o login com matr\u00edcula e senha. Clique nos 3 tra\u00e7os do canto superior esquerdo. Role a tela at\u00e9 achar a op\u00e7\u00e3o \u201cElei\u00e7\u00f5es Previ\u201d, clique e depois v\u00e1 em \u201cVote aqui\u201d. Marque Chapa 3 e confirme.<\/li>\n<li>Em qualquer TAA nas salas de atendimento do BB \u2013 Insira seu cart\u00e3o e siga os passos indicados na tela.<\/li>\n<li>Pelo Sisbb \u2013 Dispon\u00edvel para os associados da ativa.<\/li>\n<\/ul>\n<p>O risco de perder a Previ para o mercado A Previ mant\u00e9m uma posi\u00e7\u00e3o de destaque entre os fundos de pens\u00e3o do pa\u00eds, gerenciando o patrim\u00f4nio de cerca de 200 mil associados, funcion\u00e1rios do BB ativos e aposentados, al\u00e9m de pensionistas. Jo\u00e3o Fukunaga destaca que, todo esse recurso, \u201cchama a aten\u00e7\u00e3o de entidades privadas do mercado\u201d. \u201cJ\u00e1 existem amea\u00e7as legais, para tentar quebrar a exclusividade dos fundos fechados por meio de manobras pol\u00edticas, no Congresso e no Minist\u00e9rio da Economia\u201d, ressalta. \u201cE as chapas de oposi\u00e7\u00e3o t\u00eam fortes liga\u00e7\u00f5es com interesses escusos do mercado e de pol\u00edticos\u201d, afirma.<\/p>\n<p>Uma das den\u00fancias contra as demais chapas foi divulgada aqui no site da Contraf-CUT. Um dos candidatos da chapa 1, Fabiano Amann, ocupa cargo de confian\u00e7a na Secretaria de Coordena\u00e7\u00e3o e Governan\u00e7a do Patrim\u00f4nio da Uni\u00e3o. O \u00f3rg\u00e3o \u00e9 vinculado \u00e0 Secretaria Especial de Desestatiza\u00e7\u00e3o, Desinvestimento e Mercados, do Minist\u00e9rio da Economia, comandado por Paulo Guedes e respons\u00e1vel pelos processos de privatiza\u00e7\u00e3o do governo federal.<\/p>\n<p>\u201cA privatiza\u00e7\u00e3o do Banco do Brasil, al\u00e9m de fazer mal ao pr\u00f3prio pa\u00eds, colocaria em risco a Previ\u201d, pontua Fukunaga. A chapa 1, ainda, foi montada por membros da atual diretoria da AnabbPrev, que investiram todo o dinheiro da entidade de fundo de pens\u00e3o nas empresas do senador J. Malucelli, denunciado e preso por corrup\u00e7\u00e3o.<\/p>\n<p>Existe ainda den\u00fancia contra a chapa 4, formada pelo Grupo Mais, o mesmo que esteve \u00e0 frente da Cassi e perdeu as \u00faltimas elei\u00e7\u00f5es. Descobriu-se que a chapa \u00e9 patrocinada pela Black Rock, a maior administradora de recursos de terceiros e fundos de pens\u00e3o do mundo.<\/p>\n<p>\u201cS\u00e3o muitas as amea\u00e7as contra os recursos trabalhadores do BB, na Previ. E precisamos continuar alertas, principalmente no per\u00edodo de elei\u00e7\u00f5es\u201d, conclui o coordenador da CEBB.<\/p>\n<p><em>*Com informa\u00e7\u00f5es da Contraf-CUT<\/em><\/p>\n","protected":false},"excerpt":{"rendered":"<p>Os funcion\u00e1rios do Banco do Brasil, aposentados e da ativa, associados da Previ e os pensionistas da entidade t\u00eam at\u00e9 o dia 29 de abril para votar nas Elei\u00e7\u00f5es Previ 2022.\u00a0 O Movimento Sindical Banc\u00e1rio\u00a0apoia a \u201cChapa 3 \u2013 Previ para os Associados\u201d. \u201cPedimos o voto na Chapa 3 para manter a seguran\u00e7a e o [&hellip;]<\/p>\n","protected":false},"author":2,"featured_media":12442,"comment_status":"","ping_status":"","sticky":false,"template":"","format":"standard","meta":{"footnotes":""},"categories":[3],"tags":[],"class_list":["post-12443","post","type-post","status-publish","format-standard","has-post-thumbnail","hentry","category-noticias"],"_links":{"self":[{"href":"https:\/\/hostnetart.com.br\/baixada\/wp-json\/wp\/v2\/posts\/12443","targetHints":{"allow":["GET"]}}],"collection":[{"href":"https:\/\/hostnetart.com.br\/baixada\/wp-json\/wp\/v2\/posts"}],"about":[{"href":"https:\/\/hostnetart.com.br\/baixada\/wp-json\/wp\/v2\/types\/post"}],"author":[{"embeddable":true,"href":"https:\/\/hostnetart.com.br\/baixada\/wp-json\/wp\/v2\/users\/2"}],"replies":[{"embeddable":true,"href":"https:\/\/hostnetart.com.br\/baixada\/wp-json\/wp\/v2\/comments?post=12443"}],"version-history":[{"count":0,"href":"https:\/\/hostnetart.com.br\/baixada\/wp-json\/wp\/v2\/posts\/12443\/revisions"}],"wp:featuredmedia":[{"embeddable":true,"href":"https:\/\/hostnetart.com.br\/baixada\/wp-json\/wp\/v2\/media\/12442"}],"wp:attachment":[{"href":"https:\/\/hostnetart.com.br\/baixada\/wp-json\/wp\/v2\/media?parent=12443"}],"wp:term":[{"taxonomy":"category","embeddable":true,"href":"https:\/\/hostnetart.com.br\/baixada\/wp-json\/wp\/v2\/categories?post=12443"},{"taxonomy":"post_tag","embeddable":true,"href":"https:\/\/hostnetart.com.br\/baixada\/wp-json\/wp\/v2\/tags?post=12443"}],"curies":[{"name":"wp","href":"https:\/\/api.w.org\/{rel}","templated":true}]}}