{"id":12441,"date":"2022-04-26T18:08:31","date_gmt":"2022-04-26T21:08:31","guid":{"rendered":"https:\/\/hostnetart.com.br\/baixada\/inscricoes-para-o-seminario-adoecimento-psiquico-no-trabalho-bancario-encerram-se-hoje-26\/"},"modified":"2022-04-26T18:08:31","modified_gmt":"2022-04-26T21:08:31","slug":"inscricoes-para-o-seminario-adoecimento-psiquico-no-trabalho-bancario-encerram-se-hoje-26","status":"publish","type":"post","link":"https:\/\/hostnetart.com.br\/baixada\/inscricoes-para-o-seminario-adoecimento-psiquico-no-trabalho-bancario-encerram-se-hoje-26\/","title":{"rendered":"Inscri\u00e7\u00f5es para o Semin\u00e1rio Adoecimento Ps\u00edquico no Trabalho Banc\u00e1rio encerram-se hoje (26)"},"content":{"rendered":"<p>As inscri\u00e7\u00f5es para o Semin\u00e1rio Adoecimento Ps\u00edquico no Trabalho Banc\u00e1rio terminam nesta ter\u00e7a-feira (26). O evento, organizado pela Confedera\u00e7\u00e3o Nacional dos Trabalhadores do Ramo Financeiro (Contraf-CUT), acontece na pr\u00f3xima quinta-feira (28), das 9h \u00e0s 13h, e pode ser acompanhado pelo aplicativo Zoom. A data escolhida coincide com o Dia Internacional em Mem\u00f3ria das V\u00edtimas de Acidentes de Trabalho.<\/p>\n<p><a href=\"https:\/\/us06web.zoom.us\/meeting\/register\/tZYqcempqDkvGdSnHP1pkKwqULQwniGN_RqB\">Clique aqui<\/a>\u00a0para se inscrever.<\/p>\n<p>O semin\u00e1rio \u00e9 destinado a dirigentes e assessorias t\u00e9cnicas e pol\u00edticas sindicais, para o aprofundamento e a difus\u00e3o dos conceitos relacionados a esse problema de sa\u00fade na categoria e a troca de informa\u00e7\u00f5es entre palestrantes e inscritos.<\/p>\n<p>\u201cO adoecimento ps\u00edquico \u00e9 o principal problema de sa\u00fade entre banc\u00e1rios, e temos que refletir sobre essa quest\u00e3o\u201d, pontua Mauro Salles, secret\u00e1rio de Sa\u00fade da Contraf-CUT. \u201cDevemos sempre lutar por adequadas condi\u00e7\u00f5es de trabalho, pois qualquer perda humana ou qualquer sequela por acidente de trabalho deve ser considerada, e sempre temos que estar atentos para que nada disso se repita\u201d, completa Salles.<\/p>\n<p><strong>Fonte: Contraf-CUT<\/strong><\/p>\n","protected":false},"excerpt":{"rendered":"<p>As inscri\u00e7\u00f5es para o Semin\u00e1rio Adoecimento Ps\u00edquico no Trabalho Banc\u00e1rio terminam nesta ter\u00e7a-feira (26). O evento, organizado pela Confedera\u00e7\u00e3o Nacional dos Trabalhadores do Ramo Financeiro (Contraf-CUT), acontece na pr\u00f3xima quinta-feira (28), das 9h \u00e0s 13h, e pode ser acompanhado pelo aplicativo Zoom. A data escolhida coincide com o Dia Internacional em Mem\u00f3ria das V\u00edtimas de [&hellip;]<\/p>\n","protected":false},"author":2,"featured_media":12440,"comment_status":"","ping_status":"","sticky":false,"template":"","format":"standard","meta":{"footnotes":""},"categories":[3],"tags":[],"class_list":["post-12441","post","type-post","status-publish","format-standard","has-post-thumbnail","hentry","category-noticias"],"_links":{"self":[{"href":"https:\/\/hostnetart.com.br\/baixada\/wp-json\/wp\/v2\/posts\/12441","targetHints":{"allow":["GET"]}}],"collection":[{"href":"https:\/\/hostnetart.com.br\/baixada\/wp-json\/wp\/v2\/posts"}],"about":[{"href":"https:\/\/hostnetart.com.br\/baixada\/wp-json\/wp\/v2\/types\/post"}],"author":[{"embeddable":true,"href":"https:\/\/hostnetart.com.br\/baixada\/wp-json\/wp\/v2\/users\/2"}],"replies":[{"embeddable":true,"href":"https:\/\/hostnetart.com.br\/baixada\/wp-json\/wp\/v2\/comments?post=12441"}],"version-history":[{"count":0,"href":"https:\/\/hostnetart.com.br\/baixada\/wp-json\/wp\/v2\/posts\/12441\/revisions"}],"wp:featuredmedia":[{"embeddable":true,"href":"https:\/\/hostnetart.com.br\/baixada\/wp-json\/wp\/v2\/media\/12440"}],"wp:attachment":[{"href":"https:\/\/hostnetart.com.br\/baixada\/wp-json\/wp\/v2\/media?parent=12441"}],"wp:term":[{"taxonomy":"category","embeddable":true,"href":"https:\/\/hostnetart.com.br\/baixada\/wp-json\/wp\/v2\/categories?post=12441"},{"taxonomy":"post_tag","embeddable":true,"href":"https:\/\/hostnetart.com.br\/baixada\/wp-json\/wp\/v2\/tags?post=12441"}],"curies":[{"name":"wp","href":"https:\/\/api.w.org\/{rel}","templated":true}]}}