{"id":1244,"date":"2013-07-29T00:00:00","date_gmt":"2013-07-29T03:00:00","guid":{"rendered":"https:\/\/hostnetart.com.br\/baixada\/comando-nacional-entrega-pauta-de-reivindicacoes-a-fenaban-no-dia-30\/"},"modified":"2013-07-29T00:00:00","modified_gmt":"2013-07-29T03:00:00","slug":"comando-nacional-entrega-pauta-de-reivindicacoes-a-fenaban-no-dia-30","status":"publish","type":"post","link":"https:\/\/hostnetart.com.br\/baixada\/comando-nacional-entrega-pauta-de-reivindicacoes-a-fenaban-no-dia-30\/","title":{"rendered":"Comando Nacional entrega pauta de reivindica\u00e7\u00f5es \u00e0 Fenaban no dia 30"},"content":{"rendered":"<p>O Comando Nacional dos Banc\u00e1rios, coordenado pela Contraf-CUT, entrega na pr\u00f3xima ter\u00e7a-feira 30 de julho, \u00e0s 11h, \u00e0 Fenaban, em S\u00e3o Paulo, a pauta de reivindica\u00e7\u00f5es aprovada domingo pela 15\u00aa Confer\u00eancia Nacional dos Banc\u00e1rios, que tem como eixos centrais reajuste de 11,93% (infla\u00e7\u00e3o projetada do per\u00edodo mais aumento real de 5%), eleva\u00e7\u00e3o do piso salarial ao valor do sal\u00e1rio m\u00ednimo calculado pelo Dieese (R$ 2.860,21), defesa do emprego, fim da terceiriza\u00e7\u00e3o e combate \u00e0s metas abusivas e ao ass\u00e9dio moral.<\/p>\n<p>\u00a0<\/p>\n<p>\u201cOs banc\u00e1rios n\u00e3o aguentam mais as demiss\u00f5es e as p\u00e9ssimas condi\u00e7\u00f5es de trabalho. Este ano, a luta contra o ass\u00e9dio moral e as metas abusivas ter\u00e1 um peso maior. N\u00e3o podemos admitir que nossa categoria continue adoecendo f\u00edsica e psicologicamente por causa dos bancos\u201d, alerta Carlos Cordeiro, presidente da Contraf-CUT e coordenador do Comando Nacional.<\/p>\n<p>\u00a0<\/p>\n<p>\u201cOs banc\u00e1rios est\u00e3o mais mobilizados que na greve do ano passado, inclusive pelo momento em que estamos vivendo. Essa campanha n\u00e3o ser\u00e1 apenas por quest\u00f5es corporativas. Vamos lutar contra o PL 4330 da terceiriza\u00e7\u00e3o e por toda a pauta colocada pelas centrais sindicais. Tamb\u00e9m batalharemos pelas reformas que o pa\u00eds precisa, sobretudo a pol\u00edtica e a tribut\u00e1ria. E, claro, vamos continuar lutando pela realiza\u00e7\u00e3o da Confer\u00eancia Nacional do Sistema Financeiro, pois temos de discutir que bancos queremos para o pa\u00eds. Agora, vamos \u00e0 luta, pois todas as nossas conquistas s\u00f3 vieram com mobiliza\u00e7\u00e3o\u201d, convoca Carlos Cordeiro.<\/p>\n<p>\u00a0<\/p>\n<p>\u00a0<\/p>\n<p><strong>As principais reivindica\u00e7\u00f5es<\/strong><\/p>\n<p>\u00a0<\/p>\n<p>&gt; Reajuste salarial de 11,93%, composto de 5% de aumento real, al\u00e9m da infla\u00e7\u00e3o projetada de 6,6%.<\/p>\n<p>&gt; PLR: tr\u00eas sal\u00e1rios mais R$ 5.553,15.<\/p>\n<p>&gt; Piso: R$ 2.860,21 (sal\u00e1rio m\u00ednimo do Dieese).<\/p>\n<p>&gt; Vales alimenta\u00e7\u00e3o, refei\u00e7\u00e3o, 13\u00aa cesta e aux\u00edlio-creche\/bab\u00e1: R$ 678 ao m\u00eas para cada (sal\u00e1rio m\u00ednimo nacional).<\/p>\n<p>&gt; Melhores condi\u00e7\u00f5es de trabalho, com o fim das metas abusivas e do ass\u00e9dio moral que adoece os banc\u00e1rios.<\/p>\n<p>&gt; Emprego: fim das demiss\u00f5es, mais contrata\u00e7\u00f5es, aumento da inclus\u00e3o banc\u00e1ria, combate \u00e0s terceiriza\u00e7\u00f5es, especialmente ao PL 4330 que precariza as condi\u00e7\u00f5es de trabalho, al\u00e9m da aprova\u00e7\u00e3o da Conven\u00e7\u00e3o 158 da OIT, que pro\u00edbe as dispensas imotivadas.<\/p>\n<p>&gt; Plano de Cargos, Carreiras e Sal\u00e1rios (PCCS) para todos os banc\u00e1rios.<\/p>\n<p>&gt; Aux\u00edlio-educa\u00e7\u00e3o: pagamento para gradua\u00e7\u00e3o e p\u00f3s-gradua\u00e7\u00e3o.<\/p>\n<p>&gt; Preven\u00e7\u00e3o contra assaltos e sequestros, com o fim da guarda das chaves de cofres e ag\u00eancias por banc\u00e1rios.<\/p>\n<p>&gt; Igualdade de oportunidades para banc\u00e1rios e banc\u00e1rias, com a contrata\u00e7\u00e3o de pelo menos 20% de trabalhadores afro-descendentes.<\/p>\n<p>\u00a0<\/p>\n<p>\u00a0<\/p>\n<p><strong>Como ficam os sal\u00e1rios e os aux\u00edlios com as reivindica\u00e7\u00f5es de 2013<\/strong><\/p>\n<table border=\"1\" cellspacing=\"0\" cellpadding=\"0\">\n<tbody>\n<tr>\n<td valign=\"top\" width=\"192\"><strong>\u00a0<\/strong><\/td>\n<td valign=\"top\" width=\"192\"><strong>Como \u00e9 hoje<\/strong><\/td>\n<td valign=\"top\" width=\"192\"><strong>Como fica<\/strong><\/td>\n<\/tr>\n<tr>\n<td valign=\"top\" width=\"192\">Sal\u00e1rio<\/td>\n<td valign=\"top\" width=\"192\">&#8211;<\/td>\n<td valign=\"top\" width=\"192\">11,93% (infla\u00e7\u00e3o + 5% de aumento real)<\/td>\n<\/tr>\n<tr>\n<td valign=\"top\" width=\"192\">Piso portaria<\/td>\n<td valign=\"top\" width=\"192\">966,74 (1.058,96 p\u00f3s 90 dias)<\/td>\n<td valign=\"top\" width=\"192\">2.860,21 (m\u00ednimo Dieese)<\/td>\n<\/tr>\n<tr>\n<td valign=\"top\" width=\"192\">Piso escritur\u00e1rio<\/td>\n<td valign=\"top\" width=\"192\">1.385,55 (1.519,00 p\u00f3s 90 dias)<\/td>\n<td valign=\"top\" width=\"192\">2.860,21<\/td>\n<\/tr>\n<tr>\n<td valign=\"top\" width=\"192\">Piso Caixa<\/td>\n<td valign=\"top\" width=\"192\">1.385,55 (2.056,89 p\u00f3s 90 dias, inclu\u00eddo gratifica\u00e7\u00e3o de caixa)<\/td>\n<td valign=\"top\" width=\"192\">3.861,28 (m\u00ednimo Dieese + gratifica\u00e7\u00e3o de caixa)<\/td>\n<\/tr>\n<tr>\n<td valign=\"top\" width=\"192\">1\u00ba Comissionado<\/td>\n<td valign=\"top\" width=\"192\">&#8211;<\/td>\n<td valign=\"top\" width=\"192\">4.862,36<\/td>\n<\/tr>\n<tr>\n<td valign=\"top\" width=\"192\">1\u00ba Gerente<\/td>\n<td valign=\"top\" width=\"192\">&#8211;<\/td>\n<td valign=\"top\" width=\"192\">6.435,47<\/td>\n<\/tr>\n<tr>\n<td valign=\"top\" width=\"192\">PLR<br \/>Regra b\u00e1sica<\/td>\n<td valign=\"top\" width=\"192\">90% do sal\u00e1rio + 1.540,00<\/td>\n<td valign=\"top\" width=\"192\">3 sal\u00e1rios-base + 5.553,15<\/td>\n<\/tr>\n<tr>\n<td valign=\"top\" width=\"192\">Aux\u00edlio-refei\u00e7\u00e3o<\/td>\n<td valign=\"top\" width=\"192\">493,58 (m\u00eas)<\/p>\n<p>\u00a0<\/p>\n<p>21,46 (dia)<\/p>\n<\/td>\n<td valign=\"top\" width=\"192\">678,00 (m\u00eas)<br \/>29,48 (dia)<\/td>\n<\/tr>\n<tr>\n<td valign=\"top\" width=\"192\">Cesta-alimenta\u00e7\u00e3o<\/td>\n<td valign=\"top\" width=\"192\">367,92<\/td>\n<td valign=\"top\" width=\"192\">678,00<\/td>\n<\/tr>\n<tr>\n<td valign=\"top\" width=\"192\">Aux\u00edlio-creche\/bab\u00e1<\/td>\n<td valign=\"top\" width=\"192\">306,21<\/td>\n<td valign=\"top\" width=\"192\">678,00<\/td>\n<\/tr>\n<\/tbody>\n<\/table>\n<p>\u00a0<\/p>\n<p>\u00a0<\/p>\n<p><strong>Agenda pol\u00edtica\u00a0<\/strong><\/p>\n<p>\u00a0<\/p>\n<p>Os 629 delegados que participaram da confer\u00eancia tamb\u00e9m aprovaram uma agenda pol\u00edtica, com temas importantes da conjuntura nacional que precisam ser discutidos com os banc\u00e1rios e com a popula\u00e7\u00e3o. S\u00e3o eles:<\/p>\n<p>\u00a0<\/p>\n<p>* Combate sem tr\u00e9guas ao PL 4330, que precariza as rela\u00e7\u00f5es de trabalho.<br \/>* Reforma pol\u00edtica, para democratizar o Estado.<br \/>* Reforma tribut\u00e1ria, para corrigir injusti\u00e7as.<br \/>* Marco regulat\u00f3rio da m\u00eddia visando democratizar as comunica\u00e7\u00f5es.<br \/>* Confer\u00eancia Nacional do Sistema Financeiro.<br \/>* Investir 10% do PIB na educa\u00e7\u00e3o.<br \/>* Investir 10% do or\u00e7amento em sa\u00fade.<br \/>* Fim do Fator Previdenci\u00e1rio.<br \/>* Transporte p\u00fablico de qualidade.<\/p>\n<p>\u00a0<\/p>\n<p>\u00a0<\/p>\n<p><strong>Calend\u00e1rio de luta<\/strong><\/p>\n<p>\u00a0<\/p>\n<p>A 15\u00aa Confer\u00eancia aprovou ainda um calend\u00e1rio de luta que mescla o engajamento da categoria tanto na Campanha Nacional dos Banc\u00e1rios quanto na pauta de reivindica\u00e7\u00f5es da CUT e demais centrais sindicais. Confira:<\/p>\n<p>\u00a0<\/p>\n<p>\u00a0<\/p>\n<p><strong>At\u00e9 29\/7<\/strong>\u00a0&#8211; Realiza\u00e7\u00e3o de assembleias para aprovar a pauta definida na 15\u00aa Confer\u00eancia.<\/p>\n<p><strong>30\/7<\/strong>\u00a0&#8211; Entrega da pauta de reivindica\u00e7\u00f5es \u00e0 Fenaban.<\/p>\n<p><strong>6\/8<\/strong>\u00a0&#8211; Dia Nacional de Luta contra o PL 4330.<\/p>\n<p><strong>12 e 13\/8<\/strong>\u00a0&#8211; Mobiliza\u00e7\u00f5es em Bras\u00edlia para convencer os parlamentares a rejeitarem o PL 4330.<\/p>\n<p><strong>22\/8<\/strong>\u00a0&#8211; Dia Nacional de Luta dos Banc\u00e1rios, com passeatas no final do dia.<\/p>\n<p><strong>28\/8<\/strong>\u00a0&#8211; Dia do Banc\u00e1rio, com atos de comemora\u00e7\u00e3o e de mobiliza\u00e7\u00e3o.<\/p>\n<p><strong>30\/8<\/strong>\u00a0&#8211; Greve de 24 horas, em defesa da pauta geral dos trabalhadores apresentada ao governo e ao Congresso Nacional apresentada pela CUT e demais centrais sindicais.<\/p>\n<p>Atualizado dia 25\/7, \u00e0s 15h<\/p>\n<p>\u00a0<\/p>\n<p>Fonte: Contraf-CUT<\/p>\n","protected":false},"excerpt":{"rendered":"<p>O Comando Nacional dos Banc\u00e1rios, coordenado pela Contraf-CUT, entrega na pr\u00f3xima ter\u00e7a-feira 30 de julho, \u00e0s 11h, \u00e0 Fenaban, em S\u00e3o Paulo, a pauta de reivindica\u00e7\u00f5es aprovada domingo pela 15\u00aa Confer\u00eancia Nacional dos Banc\u00e1rios, que tem como eixos centrais reajuste de 11,93% (infla\u00e7\u00e3o projetada do per\u00edodo mais aumento real de 5%), eleva\u00e7\u00e3o do piso salarial [&hellip;]<\/p>\n","protected":false},"author":1,"featured_media":0,"comment_status":"","ping_status":"","sticky":false,"template":"","format":"standard","meta":{"footnotes":""},"categories":[3],"tags":[],"class_list":["post-1244","post","type-post","status-publish","format-standard","hentry","category-noticias"],"_links":{"self":[{"href":"https:\/\/hostnetart.com.br\/baixada\/wp-json\/wp\/v2\/posts\/1244","targetHints":{"allow":["GET"]}}],"collection":[{"href":"https:\/\/hostnetart.com.br\/baixada\/wp-json\/wp\/v2\/posts"}],"about":[{"href":"https:\/\/hostnetart.com.br\/baixada\/wp-json\/wp\/v2\/types\/post"}],"author":[{"embeddable":true,"href":"https:\/\/hostnetart.com.br\/baixada\/wp-json\/wp\/v2\/users\/1"}],"replies":[{"embeddable":true,"href":"https:\/\/hostnetart.com.br\/baixada\/wp-json\/wp\/v2\/comments?post=1244"}],"version-history":[{"count":0,"href":"https:\/\/hostnetart.com.br\/baixada\/wp-json\/wp\/v2\/posts\/1244\/revisions"}],"wp:attachment":[{"href":"https:\/\/hostnetart.com.br\/baixada\/wp-json\/wp\/v2\/media?parent=1244"}],"wp:term":[{"taxonomy":"category","embeddable":true,"href":"https:\/\/hostnetart.com.br\/baixada\/wp-json\/wp\/v2\/categories?post=1244"},{"taxonomy":"post_tag","embeddable":true,"href":"https:\/\/hostnetart.com.br\/baixada\/wp-json\/wp\/v2\/tags?post=1244"}],"curies":[{"name":"wp","href":"https:\/\/api.w.org\/{rel}","templated":true}]}}