{"id":12439,"date":"2022-04-26T14:49:39","date_gmt":"2022-04-26T17:49:39","guid":{"rendered":"https:\/\/hostnetart.com.br\/baixada\/eleicao-da-funcef-tera-segundo-turno-votacao-comeca-na-sexta-feira-29\/"},"modified":"2022-04-26T14:49:39","modified_gmt":"2022-04-26T17:49:39","slug":"eleicao-da-funcef-tera-segundo-turno-votacao-comeca-na-sexta-feira-29","status":"publish","type":"post","link":"https:\/\/hostnetart.com.br\/baixada\/eleicao-da-funcef-tera-segundo-turno-votacao-comeca-na-sexta-feira-29\/","title":{"rendered":"Elei\u00e7\u00e3o da Funcef ter\u00e1 segundo turno. Vota\u00e7\u00e3o come\u00e7a na sexta-feira (29)"},"content":{"rendered":"<p>Como apenas o Conselho Fiscal da Funda\u00e7\u00e3o dos Economi\u00e1rios Federais (Funcef) foi definido na primeira fase das elei\u00e7\u00f5es 2022, com a vit\u00f3ria de S\u00e2mio C\u00e1ssio (titular) e Tamara Siqueira (suplente) do movimento Juntos &#8211; A Funcef \u00e9 dos participantes, a vota\u00e7\u00e3o para o segundo turno ser\u00e1 entre esta sexta-feira (29 de abril) e 2 de maio.<\/p>\n<p>Os representantes dos empregados para o Conselho Fiscal foram eleitos com 54,29% dos votos no primeiro turno, que acabou nesta segunda-feira (25). A segunda etapa ser\u00e1 para decidir a elei\u00e7\u00e3o para a diretoria de Administra\u00e7\u00e3o e Controladoria, Diretoria de Benef\u00edcios e Conselho Deliberativo da Funcef.<\/p>\n<p>O\u00a0movimento sindical banc\u00e1rio de todo o pa\u00eds apoia os candidatos do movimento \u201cJuntos \u2013 a Funcef \u00e9 dos participantes\u201d.<\/p>\n<p>Somente pouco mais de 30% dos eleitores votaram no primeiro turno do pleito da Funcef. Diante das amea\u00e7as \u00e0 gest\u00e3o dos fundos de pens\u00e3o, os participantes precisam fortalecer a conquista que \u00e9 o direito \u00e0 escolha dos seus representantes.<\/p>\n<p><strong>Candidatos do movimento Juntos &#8211; A Funcef \u00e9 dos participantes que v\u00e3o para o segundo turno:<\/strong><\/p>\n<p><span style=\"text-decoration: underline;\">Conselho Deliberativo (2 vagas)<\/span><\/p>\n<p>Ant\u00f4nio Messias Rios Bastos &#8211; titular<\/p>\n<p>Wagner Ferreira &#8211; suplente<\/p>\n<p>Selim Ant\u00f4nio de Salles Oliveira &#8211; titular<\/p>\n<p>Helaine Coutinho Cardoso \u2013 suplente<\/p>\n<p><span style=\"text-decoration: underline;\">Diretorias<\/span><\/p>\n<p>Rog\u00e9rio Vida &#8211; diretor de Administra\u00e7\u00e3o e Controladoria<\/p>\n<p>Jair Pedro Ferreira &#8211; diretor de Benef\u00edcios<\/p>\n<p><strong>Fonte: Fetraf RJ\/ES<\/strong><\/p>\n","protected":false},"excerpt":{"rendered":"<p>Como apenas o Conselho Fiscal da Funda\u00e7\u00e3o dos Economi\u00e1rios Federais (Funcef) foi definido na primeira fase das elei\u00e7\u00f5es 2022, com a vit\u00f3ria de S\u00e2mio C\u00e1ssio (titular) e Tamara Siqueira (suplente) do movimento Juntos &#8211; A Funcef \u00e9 dos participantes, a vota\u00e7\u00e3o para o segundo turno ser\u00e1 entre esta sexta-feira (29 de abril) e 2 de [&hellip;]<\/p>\n","protected":false},"author":2,"featured_media":12438,"comment_status":"","ping_status":"","sticky":false,"template":"","format":"standard","meta":{"footnotes":""},"categories":[3],"tags":[],"class_list":["post-12439","post","type-post","status-publish","format-standard","has-post-thumbnail","hentry","category-noticias"],"_links":{"self":[{"href":"https:\/\/hostnetart.com.br\/baixada\/wp-json\/wp\/v2\/posts\/12439","targetHints":{"allow":["GET"]}}],"collection":[{"href":"https:\/\/hostnetart.com.br\/baixada\/wp-json\/wp\/v2\/posts"}],"about":[{"href":"https:\/\/hostnetart.com.br\/baixada\/wp-json\/wp\/v2\/types\/post"}],"author":[{"embeddable":true,"href":"https:\/\/hostnetart.com.br\/baixada\/wp-json\/wp\/v2\/users\/2"}],"replies":[{"embeddable":true,"href":"https:\/\/hostnetart.com.br\/baixada\/wp-json\/wp\/v2\/comments?post=12439"}],"version-history":[{"count":0,"href":"https:\/\/hostnetart.com.br\/baixada\/wp-json\/wp\/v2\/posts\/12439\/revisions"}],"wp:featuredmedia":[{"embeddable":true,"href":"https:\/\/hostnetart.com.br\/baixada\/wp-json\/wp\/v2\/media\/12438"}],"wp:attachment":[{"href":"https:\/\/hostnetart.com.br\/baixada\/wp-json\/wp\/v2\/media?parent=12439"}],"wp:term":[{"taxonomy":"category","embeddable":true,"href":"https:\/\/hostnetart.com.br\/baixada\/wp-json\/wp\/v2\/categories?post=12439"},{"taxonomy":"post_tag","embeddable":true,"href":"https:\/\/hostnetart.com.br\/baixada\/wp-json\/wp\/v2\/tags?post=12439"}],"curies":[{"name":"wp","href":"https:\/\/api.w.org\/{rel}","templated":true}]}}