{"id":12433,"date":"2022-04-20T19:21:09","date_gmt":"2022-04-20T22:21:09","guid":{"rendered":"https:\/\/hostnetart.com.br\/baixada\/sindicato-dos-bancarios-da-baixada-fluminense-reintegra-mais-uma-funcionaria-do-itau\/"},"modified":"2022-04-20T19:21:09","modified_gmt":"2022-04-20T22:21:09","slug":"sindicato-dos-bancarios-da-baixada-fluminense-reintegra-mais-uma-funcionaria-do-itau","status":"publish","type":"post","link":"https:\/\/hostnetart.com.br\/baixada\/sindicato-dos-bancarios-da-baixada-fluminense-reintegra-mais-uma-funcionaria-do-itau\/","title":{"rendered":"Sindicato dos Banc\u00e1rios da Baixada Fluminense reintegra mais uma funcion\u00e1ria do Ita\u00fa"},"content":{"rendered":"<p>Nesta quarta-feira, 20 de abril, o Sindicato dos Banc\u00e1rios da Baixada Fluminense reintegrou mais uma funcion\u00e1ria do Banco Ita\u00fa.<\/p>\n<p>A reintegra\u00e7\u00e3o ocorreu na ag\u00eancia localizada em Belford Roxo e foi acompanhada pelos diretores do Sindicato: Roberto Domingos, Cl\u00e1udio Leite, Dialas Coelho, Martins e Ricardo S\u00e1.<\/p>\n<p>Williene da Costa Santos Marins, funcion\u00e1ria do banco por mais de 8 anos, foi desligada em plena pandemia do novo coronav\u00edrus, contrariando o compromisso de n\u00e3o demiss\u00e3o que os grandes bancos assumiram.<\/p>\n<p>\u201cFui demitida em novembro, ap\u00f3s 60 dias do meu retorno pelo INSS. Busquei ajuda no Sindicato, onde fui muito bem atendida. Sempre que algum banc\u00e1rio precise de algum tipo de suporte, n\u00e3o hesite em entrar em contato. Foi a minha melhor escolha. E o resultado foi o esperado\u201d, relatou a banc\u00e1ria.<\/p>\n<p>Williene \u00e9 sindicalizada e, logo ap\u00f3s seu desligamento, procurou atendimento no Sindicato dos Banc\u00e1rios da Baixada Fluminense, onde foi prontamente atendida pelos Departamentos Jur\u00eddico e de Sa\u00fade.<\/p>\n<p><span style=\"text-decoration: underline;\">IMPORTANTE<\/span><\/p>\n<p>\u00c9 fundamental que banc\u00e1rias e banc\u00e1rios, logo que sejam informados de suas demiss\u00f5es, procurem imediatamente atendimento no Sindicato.<\/p>\n<p><strong>SINDICALIZE-SE<\/strong><\/p>\n","protected":false},"excerpt":{"rendered":"<p>Nesta quarta-feira, 20 de abril, o Sindicato dos Banc\u00e1rios da Baixada Fluminense reintegrou mais uma funcion\u00e1ria do Banco Ita\u00fa. A reintegra\u00e7\u00e3o ocorreu na ag\u00eancia localizada em Belford Roxo e foi acompanhada pelos diretores do Sindicato: Roberto Domingos, Cl\u00e1udio Leite, Dialas Coelho, Martins e Ricardo S\u00e1. Williene da Costa Santos Marins, funcion\u00e1ria do banco por mais [&hellip;]<\/p>\n","protected":false},"author":2,"featured_media":12432,"comment_status":"","ping_status":"","sticky":false,"template":"","format":"standard","meta":{"footnotes":""},"categories":[3],"tags":[],"class_list":["post-12433","post","type-post","status-publish","format-standard","has-post-thumbnail","hentry","category-noticias"],"_links":{"self":[{"href":"https:\/\/hostnetart.com.br\/baixada\/wp-json\/wp\/v2\/posts\/12433","targetHints":{"allow":["GET"]}}],"collection":[{"href":"https:\/\/hostnetart.com.br\/baixada\/wp-json\/wp\/v2\/posts"}],"about":[{"href":"https:\/\/hostnetart.com.br\/baixada\/wp-json\/wp\/v2\/types\/post"}],"author":[{"embeddable":true,"href":"https:\/\/hostnetart.com.br\/baixada\/wp-json\/wp\/v2\/users\/2"}],"replies":[{"embeddable":true,"href":"https:\/\/hostnetart.com.br\/baixada\/wp-json\/wp\/v2\/comments?post=12433"}],"version-history":[{"count":0,"href":"https:\/\/hostnetart.com.br\/baixada\/wp-json\/wp\/v2\/posts\/12433\/revisions"}],"wp:featuredmedia":[{"embeddable":true,"href":"https:\/\/hostnetart.com.br\/baixada\/wp-json\/wp\/v2\/media\/12432"}],"wp:attachment":[{"href":"https:\/\/hostnetart.com.br\/baixada\/wp-json\/wp\/v2\/media?parent=12433"}],"wp:term":[{"taxonomy":"category","embeddable":true,"href":"https:\/\/hostnetart.com.br\/baixada\/wp-json\/wp\/v2\/categories?post=12433"},{"taxonomy":"post_tag","embeddable":true,"href":"https:\/\/hostnetart.com.br\/baixada\/wp-json\/wp\/v2\/tags?post=12433"}],"curies":[{"name":"wp","href":"https:\/\/api.w.org\/{rel}","templated":true}]}}