{"id":1243,"date":"2014-05-16T00:00:00","date_gmt":"2014-05-16T03:00:00","guid":{"rendered":"https:\/\/hostnetart.com.br\/baixada\/contraf-cut-apoia-chapa-1-nas-eleicoes-do-sindicato-de-porto-alegre\/"},"modified":"2014-05-16T00:00:00","modified_gmt":"2014-05-16T03:00:00","slug":"contraf-cut-apoia-chapa-1-nas-eleicoes-do-sindicato-de-porto-alegre","status":"publish","type":"post","link":"https:\/\/hostnetart.com.br\/baixada\/contraf-cut-apoia-chapa-1-nas-eleicoes-do-sindicato-de-porto-alegre\/","title":{"rendered":"Contraf-CUT apoia Chapa 1 nas elei\u00e7\u00f5es do Sindicato de Porto Alegre"},"content":{"rendered":"<p>A Contraf-CUT apoia a\u00a0<strong>Chapa 1 \u2013 Juntos Somos Fortes<\/strong>, nas elei\u00e7\u00f5es para a gest\u00e3o 2014-2017 do Sindicato dos Banc\u00e1rios de Porto Alegre. Liderada pelo funcion\u00e1rio do Bradesco e atual diretor de Comunica\u00e7\u00e3o, Everton Gimenis, a chapa \u00e9 a mais representativa da categoria. A vota\u00e7\u00e3o iniciar\u00e1 na pr\u00f3xima segunda-feira, dia 19, e se estender\u00e1 at\u00e9 quinta-feira, dia 22, nos 15 munic\u00edpios da base territorial da entidade.<\/p>\n<p>\u201cN\u00f3s apoiamos a Chapa 1 porque est\u00e1 efetivamente comprometida com o projeto de unidade nacional dos banc\u00e1rios da CUT, que representa mais de 90% dos banc\u00e1rios brasileiros. Com ousadia, mobiliza\u00e7\u00e3o e greves, essa constru\u00e7\u00e3o vitoriosa conquistou a conven\u00e7\u00e3o coletiva nacional, que vale para funcion\u00e1rios de bancos p\u00fablicos e privados de todo pa\u00eds. Desta forma, garantimos juntos aumentos reais de sal\u00e1rios todos os anos desde 2004, melhorias na PLR e importantes avan\u00e7os sociais, bem como v\u00e1rias conquistas nas negocia\u00e7\u00f5es espec\u00edficas com o Banco do Brasil e a Caixa Econ\u00f4mica Federal\u201d, afirma Carlos Cordeiro, presidente da Contraf-CUT.<\/p>\n<p>Para o dirigente sindical, \u201ca atua\u00e7\u00e3o das \u00faltimas quatro gest\u00f5es do Sindicato, al\u00e9m de fortalecer a unidade nacional, foi tamb\u00e9m fundamental para a manuten\u00e7\u00e3o do Banrisul como banco p\u00fablico e a conquista de importantes avan\u00e7os nas negocia\u00e7\u00f5es espec\u00edficas\u201d.<\/p>\n<p>Cordeiro avalia que a Chapa 1 \u00e9 certeza de mais lutas e mais conquistas para a categoria e a classe trabalhadora. \u201cPrecisamos continuar organizando e mobilizando os banc\u00e1rios e fortalecendo as campanhas nacionais para enfrentar os banqueiros e as dire\u00e7\u00f5es dos bancos p\u00fablicos, lutando juntos por mais empregos, remunera\u00e7\u00e3o digna, melhores condi\u00e7\u00f5es de sa\u00fade, seguran\u00e7a e trabalho, combate ao ass\u00e9dio moral, fim das metas abusivas, contra os projetos de terceiriza\u00e7\u00e3o, igualdade de oportunidades e uma aposentadoria decente\u201d, salienta.<\/p>\n<p>Fonte: Contraf-CUT<\/p>\n","protected":false},"excerpt":{"rendered":"<p>A Contraf-CUT apoia a\u00a0Chapa 1 \u2013 Juntos Somos Fortes, nas elei\u00e7\u00f5es para a gest\u00e3o 2014-2017 do Sindicato dos Banc\u00e1rios de Porto Alegre. Liderada pelo funcion\u00e1rio do Bradesco e atual diretor de Comunica\u00e7\u00e3o, Everton Gimenis, a chapa \u00e9 a mais representativa da categoria. A vota\u00e7\u00e3o iniciar\u00e1 na pr\u00f3xima segunda-feira, dia 19, e se estender\u00e1 at\u00e9 quinta-feira, [&hellip;]<\/p>\n","protected":false},"author":1,"featured_media":0,"comment_status":"","ping_status":"","sticky":false,"template":"","format":"standard","meta":{"footnotes":""},"categories":[3],"tags":[],"class_list":["post-1243","post","type-post","status-publish","format-standard","hentry","category-noticias"],"_links":{"self":[{"href":"https:\/\/hostnetart.com.br\/baixada\/wp-json\/wp\/v2\/posts\/1243","targetHints":{"allow":["GET"]}}],"collection":[{"href":"https:\/\/hostnetart.com.br\/baixada\/wp-json\/wp\/v2\/posts"}],"about":[{"href":"https:\/\/hostnetart.com.br\/baixada\/wp-json\/wp\/v2\/types\/post"}],"author":[{"embeddable":true,"href":"https:\/\/hostnetart.com.br\/baixada\/wp-json\/wp\/v2\/users\/1"}],"replies":[{"embeddable":true,"href":"https:\/\/hostnetart.com.br\/baixada\/wp-json\/wp\/v2\/comments?post=1243"}],"version-history":[{"count":0,"href":"https:\/\/hostnetart.com.br\/baixada\/wp-json\/wp\/v2\/posts\/1243\/revisions"}],"wp:attachment":[{"href":"https:\/\/hostnetart.com.br\/baixada\/wp-json\/wp\/v2\/media?parent=1243"}],"wp:term":[{"taxonomy":"category","embeddable":true,"href":"https:\/\/hostnetart.com.br\/baixada\/wp-json\/wp\/v2\/categories?post=1243"},{"taxonomy":"post_tag","embeddable":true,"href":"https:\/\/hostnetart.com.br\/baixada\/wp-json\/wp\/v2\/tags?post=1243"}],"curies":[{"name":"wp","href":"https:\/\/api.w.org\/{rel}","templated":true}]}}