{"id":12427,"date":"2022-04-19T03:23:59","date_gmt":"2022-04-19T06:23:59","guid":{"rendered":"https:\/\/hostnetart.com.br\/baixada\/eleicoes-previ-comecaram-nesta-segunda-feira-18\/"},"modified":"2022-04-19T03:23:59","modified_gmt":"2022-04-19T06:23:59","slug":"eleicoes-previ-comecaram-nesta-segunda-feira-18","status":"publish","type":"post","link":"https:\/\/hostnetart.com.br\/baixada\/eleicoes-previ-comecaram-nesta-segunda-feira-18\/","title":{"rendered":"Elei\u00e7\u00f5es Previ come\u00e7aram nesta segunda-feira (18)"},"content":{"rendered":"<p>\u201cA seguran\u00e7a da Previ \u00e9 o olhar vigilante dos seus donos\u201d, esse \u00e9 o mote da campanha da Chapa 3 \u2013 Previ para os Associados \u2013 nas disputas \u00e0s Elei\u00e7\u00f5es Previ 2022, nas quais as trabalhadoras e os trabalhadores do Banco do Brasil, da ativa e aposentados, associados ao fundo de pens\u00e3o, votam a partir desta segunda-feira (18).<\/p>\n<p><a href=\"https:\/\/contrafcut.com.br\/noticias\/movimento-sindical-apoia-a-chapa-3-nas-eleicoes-da-previ\/?swcfpc=1\">\u201cO movimento sindical apoia a chapa da situa\u00e7\u00e3o, chapa 3<\/a>, que vem protegendo os direitos dos associados e associadas, com independ\u00eancia em rela\u00e7\u00e3o ao patrocinador, que \u00e9 o BB, e\u00a0<a href=\"https:\/\/contrafcut.com.br\/noticias\/mais-uma-ameaca-a-previ-e-a-outros-fundos-de-pensao?swcfpc=1\">contra amea\u00e7as do mercado financeiro para acabar com a exclusividade dos fundos de pens\u00e3o fechados<\/a>\u201d, explica o coordenador da Comiss\u00e3o de Empresa dos Funcion\u00e1rios do Banco do Brasil (CEBB), Jo\u00e3o Fukunaga. \u201cN\u00e3o podemos perder de vista que, h\u00e1 tempos, o mercado financeiro est\u00e1 de olho no patrim\u00f4nio de R$ 1,2 trilh\u00e3o dos trabalhadores geridos pelos fundos de pens\u00e3o, do qual a Previ administra mais de R$ 220 bilh\u00f5es\u201d, completa.<\/p>\n<h3>Olhar vigilante<\/h3>\n<p>A Rentabilidade dos planos da Previ, no longo prazo, \u00e9 maior que dos outros fundos e do mercado, como mostram dados do Minist\u00e9rio da Economia e Previd\u00eancia. O Previ Futuro, por exemplo, de 2012 a agosto de 2021 (o \u00faltimo dado dispon\u00edvel), rentabilizou 178%. No mesmo per\u00edodo, os planos das entidades abertas, administrados pelos bancos, rentabilizaram 108%.<\/p>\n<p>J\u00e1 a rentabilidade do Plano 1, no per\u00edodo de 2018 a agosto de 2021, foi 68,4%, contra apenas 25,6% dos planos geridos pelos bancos.<\/p>\n<p>\u201cIsso \u00e9 o olhar do associado, um olhar de um fiscal para a correta aplica\u00e7\u00e3o de cada centavo na Previ\u201d, explica M\u00e1rcio de Souza, atual diretor de Administra\u00e7\u00e3o da Previ e candidato \u00e0 reelei\u00e7\u00e3o para o cargo na Chapa 3. \u201cA Previ sempre teve o diferencial de ser gerida por funcion\u00e1rios do banco, que s\u00e3o os donos da Previ. Isso continua at\u00e9 hoje e a gente vai continuar defendendo que continue sendo dessa forma\u201d, completa.<\/p>\n<p><a href=\"https:\/\/previparaosassociados3.com.br\/\" target=\"_blank\" rel=\"noopener noreferrer\">Clique aqui<\/a>\u00a0para acessar o site de campanha da Chapa 3 \u2013 Previ para os Associados e conhe\u00e7a seus candidatos e suas propostas.<\/p>\n<p><strong>Fonte: Contraf-CUT<\/strong><\/p>\n","protected":false},"excerpt":{"rendered":"<p>\u201cA seguran\u00e7a da Previ \u00e9 o olhar vigilante dos seus donos\u201d, esse \u00e9 o mote da campanha da Chapa 3 \u2013 Previ para os Associados \u2013 nas disputas \u00e0s Elei\u00e7\u00f5es Previ 2022, nas quais as trabalhadoras e os trabalhadores do Banco do Brasil, da ativa e aposentados, associados ao fundo de pens\u00e3o, votam a partir [&hellip;]<\/p>\n","protected":false},"author":2,"featured_media":12426,"comment_status":"","ping_status":"","sticky":false,"template":"","format":"standard","meta":{"footnotes":""},"categories":[3],"tags":[],"class_list":["post-12427","post","type-post","status-publish","format-standard","has-post-thumbnail","hentry","category-noticias"],"_links":{"self":[{"href":"https:\/\/hostnetart.com.br\/baixada\/wp-json\/wp\/v2\/posts\/12427","targetHints":{"allow":["GET"]}}],"collection":[{"href":"https:\/\/hostnetart.com.br\/baixada\/wp-json\/wp\/v2\/posts"}],"about":[{"href":"https:\/\/hostnetart.com.br\/baixada\/wp-json\/wp\/v2\/types\/post"}],"author":[{"embeddable":true,"href":"https:\/\/hostnetart.com.br\/baixada\/wp-json\/wp\/v2\/users\/2"}],"replies":[{"embeddable":true,"href":"https:\/\/hostnetart.com.br\/baixada\/wp-json\/wp\/v2\/comments?post=12427"}],"version-history":[{"count":0,"href":"https:\/\/hostnetart.com.br\/baixada\/wp-json\/wp\/v2\/posts\/12427\/revisions"}],"wp:featuredmedia":[{"embeddable":true,"href":"https:\/\/hostnetart.com.br\/baixada\/wp-json\/wp\/v2\/media\/12426"}],"wp:attachment":[{"href":"https:\/\/hostnetart.com.br\/baixada\/wp-json\/wp\/v2\/media?parent=12427"}],"wp:term":[{"taxonomy":"category","embeddable":true,"href":"https:\/\/hostnetart.com.br\/baixada\/wp-json\/wp\/v2\/categories?post=12427"},{"taxonomy":"post_tag","embeddable":true,"href":"https:\/\/hostnetart.com.br\/baixada\/wp-json\/wp\/v2\/tags?post=12427"}],"curies":[{"name":"wp","href":"https:\/\/api.w.org\/{rel}","templated":true}]}}