{"id":12423,"date":"2022-04-18T18:25:54","date_gmt":"2022-04-18T21:25:54","guid":{"rendered":"https:\/\/hostnetart.com.br\/baixada\/1-de-maio-brasil-precisa-mudar-para-voltar-a-crescer-e-gerar-emprego\/"},"modified":"2022-04-18T18:25:54","modified_gmt":"2022-04-18T21:25:54","slug":"1-de-maio-brasil-precisa-mudar-para-voltar-a-crescer-e-gerar-emprego","status":"publish","type":"post","link":"https:\/\/hostnetart.com.br\/baixada\/1-de-maio-brasil-precisa-mudar-para-voltar-a-crescer-e-gerar-emprego\/","title":{"rendered":"1\u00ba de maio: \u2018Brasil precisa mudar para voltar a crescer e gerar emprego\u2019"},"content":{"rendered":"<p>As centrais sindicais far\u00e3o novamente um\u00a0<a href=\"https:\/\/www.redebrasilatual.com.br\/trabalho\/2022\/04\/centrais-farao-1o-de-maio-unificado-no-pacaembu\/\" target=\"_blank\" rel=\"noopener noreferrer\">ato unificado<\/a>\u00a0no pr\u00f3ximo 1\u00ba de Maio. O evento ser\u00e1 na Pra\u00e7a Charles Miller, em S\u00e3o Paulo, em frente ao Est\u00e1dio do Pacaembu, a partir das 10h.\u00a0De acordo com o presidente da For\u00e7a Sindical, Miguel Torres, essa unidade dos trabalhadores serve para expressar posi\u00e7\u00e3o pol\u00edtica, principalmente num ano de disputa eleitoral.<\/p>\n<p>Em entrevista ao programa\u00a0<em>Revista Brasil<\/em>\u00a0<em>TVT<\/em>, Miguel ressaltou a import\u00e2ncia da\u00a0<a href=\"https:\/\/www.redebrasilatual.com.br\/politica\/2022\/02\/centrais-conclat-7-de-abril-rumos-do-pais\/\" target=\"_blank\" rel=\"noopener noreferrer\">Confer\u00eancia da Classe Trabalhadora (Conclat)<\/a>, que definiu a agenda dos trabalhadores e as pautas das centrais para as elei\u00e7\u00f5es. \u201cA unidade das centrais \u00e9 muito importante. N\u00f3s temos as nossas diferen\u00e7as, mas avan\u00e7amos muito na Conclat e vamos repetir isso no 1\u00ba de Maio. A base desse dia ser\u00e1 as propostas apresentado no evento, com o objetivo de reunir muita gente, depois de dois anos sem poder fazer essa mobiliza\u00e7\u00e3o\u201d, afirmou.<\/p>\n<p>Daniela Mercury, Dexter e Lecy Brand\u00e3o est\u00e3o entre os artistas confirmados para celebrar o Dia do Trabalhador na capital paulista. O evento contar\u00e1 com a presen\u00e7a de representantes de diversos movimentos sociais e pol\u00edticos alinhados com as pautas dos trabalhadores.<\/p>\n<p>\u201cEstamos num ano eleitoral, ent\u00e3o \u00e9 importante um grande ato. Est\u00e1 na m\u00e3o dos trabalhadores o futuro do pa\u00eds. O \u00fanico momento que o patr\u00e3o e o trabalhador possuem o mesmo peso \u00e9 agora, na urna. Quem acha que tem que manter como est\u00e1, j\u00e1 tem o atual governo como exemplo. Mas quem defende um Brasil que precisa mudar, voltar a crescer e respeitar a democracia, precisa votar para mudar\u201d, acrescentou Miguel Torres.<\/p>\n<h2><span style=\"text-decoration: underline;\">Trabalhadores em pauta<\/span><\/h2>\n<p>Na\u00a0<a href=\"https:\/\/www.redebrasilatual.com.br\/politica\/2022\/04\/encontro-centrais-sindicais-lula\/\" target=\"_blank\" rel=\"noopener noreferrer\">\u00faltima quinta-feira (14)<\/a>, as centrais se encontraram com o ex-presidente Luiz In\u00e1cio Lula da Silva, em S\u00e3o Paulo, para entregar o\u00a0<a href=\"https:\/\/www.cut.org.br\/noticias\/lula-emprego-e-coisa-sagrada-e-devera-ser-nossa-obsessao-5169\" target=\"_blank\" rel=\"noopener noreferrer\">documento elaborado<\/a>\u00a0na Conclat. Miguel explica que, na confer\u00eancia realizada pelas entidades, foi poss\u00edvel elaborar diversas pautas para o pa\u00eds, desde o trabalho at\u00e9 a sa\u00fade e meio ambiente, \u201ccriando um documento complexo e muito forte\u201d.<\/p>\n<p>\u201cO Lula recebeu muito bem o documento, elogiou a profundidade das propostas e valorizou a unidade das centrais. Al\u00e9m disso, queremos debater a reforma trabalhista, pois tudo que ela prometeu, gerou o contr\u00e1rio. Foi um desastre para os trabalhadores e, o que est\u00e1 acontecendo na Espanha, pode ser um exemplo para n\u00f3s. Podemos revogar muitos pontos, a partir da elei\u00e7\u00e3o de Lula\u201d, acrescentou.<\/p>\n<p><strong>Fonte: Rede Brasil Atual<\/strong><\/p>\n","protected":false},"excerpt":{"rendered":"<p>As centrais sindicais far\u00e3o novamente um\u00a0ato unificado\u00a0no pr\u00f3ximo 1\u00ba de Maio. O evento ser\u00e1 na Pra\u00e7a Charles Miller, em S\u00e3o Paulo, em frente ao Est\u00e1dio do Pacaembu, a partir das 10h.\u00a0De acordo com o presidente da For\u00e7a Sindical, Miguel Torres, essa unidade dos trabalhadores serve para expressar posi\u00e7\u00e3o pol\u00edtica, principalmente num ano de disputa eleitoral. [&hellip;]<\/p>\n","protected":false},"author":2,"featured_media":12422,"comment_status":"","ping_status":"","sticky":false,"template":"","format":"standard","meta":{"footnotes":""},"categories":[3],"tags":[],"class_list":["post-12423","post","type-post","status-publish","format-standard","has-post-thumbnail","hentry","category-noticias"],"_links":{"self":[{"href":"https:\/\/hostnetart.com.br\/baixada\/wp-json\/wp\/v2\/posts\/12423","targetHints":{"allow":["GET"]}}],"collection":[{"href":"https:\/\/hostnetart.com.br\/baixada\/wp-json\/wp\/v2\/posts"}],"about":[{"href":"https:\/\/hostnetart.com.br\/baixada\/wp-json\/wp\/v2\/types\/post"}],"author":[{"embeddable":true,"href":"https:\/\/hostnetart.com.br\/baixada\/wp-json\/wp\/v2\/users\/2"}],"replies":[{"embeddable":true,"href":"https:\/\/hostnetart.com.br\/baixada\/wp-json\/wp\/v2\/comments?post=12423"}],"version-history":[{"count":0,"href":"https:\/\/hostnetart.com.br\/baixada\/wp-json\/wp\/v2\/posts\/12423\/revisions"}],"wp:featuredmedia":[{"embeddable":true,"href":"https:\/\/hostnetart.com.br\/baixada\/wp-json\/wp\/v2\/media\/12422"}],"wp:attachment":[{"href":"https:\/\/hostnetart.com.br\/baixada\/wp-json\/wp\/v2\/media?parent=12423"}],"wp:term":[{"taxonomy":"category","embeddable":true,"href":"https:\/\/hostnetart.com.br\/baixada\/wp-json\/wp\/v2\/categories?post=12423"},{"taxonomy":"post_tag","embeddable":true,"href":"https:\/\/hostnetart.com.br\/baixada\/wp-json\/wp\/v2\/tags?post=12423"}],"curies":[{"name":"wp","href":"https:\/\/api.w.org\/{rel}","templated":true}]}}