{"id":12421,"date":"2022-04-14T17:24:11","date_gmt":"2022-04-14T20:24:11","guid":{"rendered":"https:\/\/hostnetart.com.br\/baixada\/eleicoes-da-funcef-movimento-sindical-apoia-juntos-a-funcef-e-dos-participantes\/"},"modified":"2022-04-14T17:24:11","modified_gmt":"2022-04-14T20:24:11","slug":"eleicoes-da-funcef-movimento-sindical-apoia-juntos-a-funcef-e-dos-participantes","status":"publish","type":"post","link":"https:\/\/hostnetart.com.br\/baixada\/eleicoes-da-funcef-movimento-sindical-apoia-juntos-a-funcef-e-dos-participantes\/","title":{"rendered":"Elei\u00e7\u00f5es da Funcef: Movimento Sindical apoia \u201cJuntos \u2013 a Funcef \u00e9 dos participantes\u201d"},"content":{"rendered":"<p>O movimento sindical banc\u00e1rio, atrav\u00e9s da Confedera\u00e7\u00e3o Nacional dos Trabalhadores do Ramo Financeiro (Contraf-CUT) aprovou na ter\u00e7a-feira (12), em reuni\u00e3o da sua diretoria Executiva, o apoio aos candidatos do movimento \u201cJuntos \u2013 a Funcef \u00e9 dos participantes\u201d, que disputam as elei\u00e7\u00f5es da Funda\u00e7\u00e3o dos Economi\u00e1rios Federais (Funcef), o fundo de pens\u00e3o dos empregados da Caixa Econ\u00f4mica Federal. A vota\u00e7\u00e3o, que acontecer\u00e1 de 22 a 25 de abril, definir\u00e1 os novos diretores de Benef\u00edcios e de Administra\u00e7\u00e3o e Controladoria, dois conselheiros deliberativos, um fiscal e seus respectivos suplentes.<\/p>\n<p>\u201c\u00c9 fundamental elegermos representantes que tenham compromisso com a realiza\u00e7\u00e3o de uma gest\u00e3o respons\u00e1vel, transparente e efetivamente participativa\u201d, disse a coordenadora da Comiss\u00e3o Executiva dos Empregados da Caixa Econ\u00f4mica Federal, Fabiana Uehara Proscholdt. \u201cCom a elei\u00e7\u00e3o destes candidatos vamos voltar a ter uma Funcef forte\u201d, completou.\u00a0<\/p>\n<h3><strong>Compromisso com os empregados<\/strong><\/h3>\n<p>A diretoria executiva da Contraf-CUT e funcion\u00e1ria da Caixa, Eliana Brasil, destaca ainda que os candidatos do movimento \u201cJuntos \u2013 a Funcef \u00e9 dos participantes\u201d conhecem profundamente o fundo de pens\u00e3o e t\u00eam uma proposta de gest\u00e3o participativa, transparente e democr\u00e1tica. \u201cS\u00e3o pessoas que est\u00e3o no dia a dia da luta em defesa dos interesses dos empregados e desempenhar\u00e3o este mesmo papel na defesa dos participantes do fundo de pens\u00e3o\u201d, disse.<\/p>\n<p>\u00a0\u00a0\u00a0\u00a0\u00a0<strong>&gt;&gt;&gt;&gt;&gt;<\/strong>\u00a0Veja o\u00a0<a href=\"https:\/\/contrafcut.com.br\/wp-content\/uploads\/2022\/04\/jornal-2022-funcef.pdf\" target=\"_blank\" rel=\"noopener noreferrer\">boletim<\/a>\u00a0e o\u00a0<a href=\"https:\/\/contrafcut.com.br\/wp-content\/uploads\/2022\/04\/panfleto.pdf\" target=\"_blank\" rel=\"noopener noreferrer\">panfleto<\/a>\u00a0do movimento Juntos \u2013 a Funcef \u00e9 dos participantes<\/p>\n<h3><strong>Quem vota e como votar<\/strong><\/h3>\n<p>Todos os participantes ativos e assistidos os maiores de 18 anos com benef\u00edcio vital\u00edcio, que tenham se inscritos at\u00e9 31 de janeiro de 2022 em planos de benef\u00edcios administrados pela Funcef podem votar.<\/p>\n<p>Nas situa\u00e7\u00f5es em que exista mais de um assistido, cujo benef\u00edcio tenha tido o mesmo participante ou assistido por origem, ser\u00e1 considerado eleitor o benefici\u00e1rio mais idoso. A vota\u00e7\u00e3o ser\u00e1 feita de maneira on-line no autoatendimento do site ou do aplicativo da Funcef. O acesso ser\u00e1 por CPF e senha pessoal do eleitor.<\/p>\n<h3><strong>Nossos candidatos<\/strong><\/h3>\n<p>Os candidatos que fazem parte do movimento \u2018Juntos \u2013 A Funcef \u00e9 dos Participantes\u2019 e que t\u00eam o total apoio da Contraf-CUT s\u00e3o:<br \/><strong>Jair Pedro Ferreira<\/strong>\u00a0\u2013 candidato a Diretor de Benef\u00edcios<br \/><strong>Rog\u00e9rio Vida<\/strong>\u00a0\u2013 candidato a Diretor de Administra\u00e7\u00e3o e Controladoria<\/p>\n<p><strong>Candidatos a Conselheiros Deliberativos:<br \/><\/strong>Ant\u00f4nio Messias Rios Bastos \u2013 titular<br \/>Wagner Ferreira \u2013 suplente<br \/>Selim Ant\u00f4nio de Salles Oliveira \u2013 titular<br \/>Helaine Coutinho Cardoso \u2013 suplente<\/p>\n<p><strong>Candidatos a Conselheiros Fiscais:<\/strong><br \/>S\u00e2mio C\u00e1ssio de Carvalho Melo \u2013 titular<br \/>Tamara Siqueira dos Santos \u2013 suplente<\/p>\n<p><strong>Fonte: Contraf-CUT<\/strong><\/p>\n","protected":false},"excerpt":{"rendered":"<p>O movimento sindical banc\u00e1rio, atrav\u00e9s da Confedera\u00e7\u00e3o Nacional dos Trabalhadores do Ramo Financeiro (Contraf-CUT) aprovou na ter\u00e7a-feira (12), em reuni\u00e3o da sua diretoria Executiva, o apoio aos candidatos do movimento \u201cJuntos \u2013 a Funcef \u00e9 dos participantes\u201d, que disputam as elei\u00e7\u00f5es da Funda\u00e7\u00e3o dos Economi\u00e1rios Federais (Funcef), o fundo de pens\u00e3o dos empregados da Caixa [&hellip;]<\/p>\n","protected":false},"author":2,"featured_media":12420,"comment_status":"","ping_status":"","sticky":false,"template":"","format":"standard","meta":{"footnotes":""},"categories":[3],"tags":[],"class_list":["post-12421","post","type-post","status-publish","format-standard","has-post-thumbnail","hentry","category-noticias"],"_links":{"self":[{"href":"https:\/\/hostnetart.com.br\/baixada\/wp-json\/wp\/v2\/posts\/12421","targetHints":{"allow":["GET"]}}],"collection":[{"href":"https:\/\/hostnetart.com.br\/baixada\/wp-json\/wp\/v2\/posts"}],"about":[{"href":"https:\/\/hostnetart.com.br\/baixada\/wp-json\/wp\/v2\/types\/post"}],"author":[{"embeddable":true,"href":"https:\/\/hostnetart.com.br\/baixada\/wp-json\/wp\/v2\/users\/2"}],"replies":[{"embeddable":true,"href":"https:\/\/hostnetart.com.br\/baixada\/wp-json\/wp\/v2\/comments?post=12421"}],"version-history":[{"count":0,"href":"https:\/\/hostnetart.com.br\/baixada\/wp-json\/wp\/v2\/posts\/12421\/revisions"}],"wp:featuredmedia":[{"embeddable":true,"href":"https:\/\/hostnetart.com.br\/baixada\/wp-json\/wp\/v2\/media\/12420"}],"wp:attachment":[{"href":"https:\/\/hostnetart.com.br\/baixada\/wp-json\/wp\/v2\/media?parent=12421"}],"wp:term":[{"taxonomy":"category","embeddable":true,"href":"https:\/\/hostnetart.com.br\/baixada\/wp-json\/wp\/v2\/categories?post=12421"},{"taxonomy":"post_tag","embeddable":true,"href":"https:\/\/hostnetart.com.br\/baixada\/wp-json\/wp\/v2\/tags?post=12421"}],"curies":[{"name":"wp","href":"https:\/\/api.w.org\/{rel}","templated":true}]}}