{"id":1242,"date":"2013-07-25T00:00:00","date_gmt":"2013-07-25T03:00:00","guid":{"rendered":"https:\/\/hostnetart.com.br\/baixada\/bb-e-intimado-a-explicar-praticas-antissindicais-ao-ministerio-publico\/"},"modified":"2013-07-25T00:00:00","modified_gmt":"2013-07-25T03:00:00","slug":"bb-e-intimado-a-explicar-praticas-antissindicais-ao-ministerio-publico","status":"publish","type":"post","link":"https:\/\/hostnetart.com.br\/baixada\/bb-e-intimado-a-explicar-praticas-antissindicais-ao-ministerio-publico\/","title":{"rendered":"BB \u00e9 intimado a explicar pr\u00e1ticas antissindicais ao Minist\u00e9rio P\u00fablico"},"content":{"rendered":"<p>O Sindicato dos Banc\u00e1rios de S\u00e3o Paulo foi recebido pelo procurador Luiz Carlos Michele Fabre para expor ao Minist\u00e9rio P\u00fablico do Trabalho den\u00fancias de pr\u00e1ticas antissindicais promovidas pela dire\u00e7\u00e3o do Banco do Brasil nas campanhas nacionais de 2010, 2011 e 2012 e outras mobiliza\u00e7\u00f5es.<\/p>\n<p>\u00a0<\/p>\n<p>A audi\u00eancia, ocorrida na ter\u00e7a-feira 23, contou com a participa\u00e7\u00e3o do diretor executivo do Sindicato Ernesto Izumi e de tr\u00eas banc\u00e1rios que sofreram constrangimentos da diretoria do banco. O MPT intimou a dire\u00e7\u00e3o do banco a se esclarecer sobre o tema em 10 dias.<\/p>\n<p>\u00a0<\/p>\n<p>A principal pr\u00e1tica relatada pelos funcion\u00e1rios foi a de contingenciamento de funcion\u00e1rios em espa\u00e7os improvisados durante o per\u00edodo de greve. Um funcion\u00e1rio do BB presente \u00e0 audi\u00eancia afirmou que em sua ag\u00eancia h\u00e1 um espa\u00e7o subutilizado em per\u00edodos normais que serve como local de trabalho para banc\u00e1rios de outras unidades durante as greves. Outro funcion\u00e1rio afirmou que trabalhadores foram obrigados a dar expediente em um dep\u00f3sito do banco.<\/p>\n<p>\u00a0<\/p>\n<p>Essa pr\u00e1tica \u00e9 nomeada pelo Banco do Brasil como Locais de Atendimento de Conting\u00eancia (LAC), que teoricamente serviriam para manter os servi\u00e7os absolutamente indispens\u00e1veis do banco. No entanto, os funcion\u00e1rios presentes afirmaram que a pr\u00e1tica j\u00e1 se banalizou e atinge todos os servi\u00e7os do BB.<\/p>\n<p>\u00a0<\/p>\n<p>Os funcion\u00e1rios afirmaram que a LAC est\u00e1 associada a pr\u00e1ticas de intimida\u00e7\u00e3o como a amea\u00e7a de corte de ponto, n\u00e3o promo\u00e7\u00e3o e os interditos proibit\u00f3rios.<\/p>\n<p>\u00a0<\/p>\n<p>\u201cTamb\u00e9m denunciamos na audi\u00eancia as amea\u00e7as de gestores aos funcion\u00e1rios que querem participar das mobiliza\u00e7\u00f5es, por meio de descomissionamento, preju\u00edzo nos processos seletivos e outros tipos de retalia\u00e7\u00e3o. Essa press\u00e3o leva muitos colegas a se submeterem ao trabalho em locais inadequados e ficamos impedidos de convenc\u00ea-los de participar das mobiliza\u00e7\u00f5es. O resultado da campanha acaba sendo menor do que poderia e por isso o Sindicato fez a den\u00fancia. Essa pol\u00edtica de gest\u00e3o \u00e9 perversa.\u201d, afirma Ernesto.<\/p>\n<p>\u00a0<\/p>\n<p>O dirigente lembra que, recentemente, o Sindicato protocolou den\u00fancia ao PCN (Ponto de Contato Nacional) da OCDE (Organiza\u00e7\u00e3o para a Coopera\u00e7\u00e3o e Desenvolvimento Econ\u00f4mico) sobre diversas pr\u00e1ticas que prejudicam os funcion\u00e1rios do BB, entre elas o interdito proibit\u00f3rio para evitar manifesta\u00e7\u00f5es. A organiza\u00e7\u00e3o acatou a den\u00fancia.<\/p>\n<p>\u00a0<\/p>\n<p>Fonte: Contraf-CUT com Seeb S\u00e3o Paulo<\/p>\n","protected":false},"excerpt":{"rendered":"<p>O Sindicato dos Banc\u00e1rios de S\u00e3o Paulo foi recebido pelo procurador Luiz Carlos Michele Fabre para expor ao Minist\u00e9rio P\u00fablico do Trabalho den\u00fancias de pr\u00e1ticas antissindicais promovidas pela dire\u00e7\u00e3o do Banco do Brasil nas campanhas nacionais de 2010, 2011 e 2012 e outras mobiliza\u00e7\u00f5es. \u00a0 A audi\u00eancia, ocorrida na ter\u00e7a-feira 23, contou com a participa\u00e7\u00e3o [&hellip;]<\/p>\n","protected":false},"author":1,"featured_media":0,"comment_status":"","ping_status":"","sticky":false,"template":"","format":"standard","meta":{"footnotes":""},"categories":[3],"tags":[],"class_list":["post-1242","post","type-post","status-publish","format-standard","hentry","category-noticias"],"_links":{"self":[{"href":"https:\/\/hostnetart.com.br\/baixada\/wp-json\/wp\/v2\/posts\/1242","targetHints":{"allow":["GET"]}}],"collection":[{"href":"https:\/\/hostnetart.com.br\/baixada\/wp-json\/wp\/v2\/posts"}],"about":[{"href":"https:\/\/hostnetart.com.br\/baixada\/wp-json\/wp\/v2\/types\/post"}],"author":[{"embeddable":true,"href":"https:\/\/hostnetart.com.br\/baixada\/wp-json\/wp\/v2\/users\/1"}],"replies":[{"embeddable":true,"href":"https:\/\/hostnetart.com.br\/baixada\/wp-json\/wp\/v2\/comments?post=1242"}],"version-history":[{"count":0,"href":"https:\/\/hostnetart.com.br\/baixada\/wp-json\/wp\/v2\/posts\/1242\/revisions"}],"wp:attachment":[{"href":"https:\/\/hostnetart.com.br\/baixada\/wp-json\/wp\/v2\/media?parent=1242"}],"wp:term":[{"taxonomy":"category","embeddable":true,"href":"https:\/\/hostnetart.com.br\/baixada\/wp-json\/wp\/v2\/categories?post=1242"},{"taxonomy":"post_tag","embeddable":true,"href":"https:\/\/hostnetart.com.br\/baixada\/wp-json\/wp\/v2\/tags?post=1242"}],"curies":[{"name":"wp","href":"https:\/\/api.w.org\/{rel}","templated":true}]}}