{"id":12417,"date":"2022-04-13T16:08:03","date_gmt":"2022-04-13T19:08:03","guid":{"rendered":"https:\/\/hostnetart.com.br\/baixada\/casos-de-assedio-serao-pauta-de-negociacao-com-o-banco-do-brasil\/"},"modified":"2022-04-13T16:08:03","modified_gmt":"2022-04-13T19:08:03","slug":"casos-de-assedio-serao-pauta-de-negociacao-com-o-banco-do-brasil","status":"publish","type":"post","link":"https:\/\/hostnetart.com.br\/baixada\/casos-de-assedio-serao-pauta-de-negociacao-com-o-banco-do-brasil\/","title":{"rendered":"Casos de ass\u00e9dio ser\u00e3o pauta de negocia\u00e7\u00e3o com o Banco do Brasil"},"content":{"rendered":"<p>A Comiss\u00e3o de Empresa dos Funcion\u00e1rios do Banco do Brasil (CEBB) se reunir\u00e1 com o banco na pr\u00f3xima quinta-feira (14) para tratar de den\u00fancias de ass\u00e9dio moral e cobran\u00e7a excessiva de metas, que dificilmente ser\u00e3o atingidas, nas Centrais de Relacionamento do Banco do Brasil (CRBBs) em S\u00e3o Paulo, Curitiba, S\u00e3o Jos\u00e9 dos Pinhais (PR).<\/p>\n<p>\u201cValorizamos muito o m\u00e9todo de negocia\u00e7\u00e3o. Por isso, antes de qualquer manifesta\u00e7\u00e3o, queremos tratar sobre as den\u00fancias de ass\u00e9dio que recebemos\u201d, explicou o coordenador da CEBB, Jo\u00e3o Fukunaga. \u201cQueremos saber se \u00e9 um problema da gest\u00e3o local, ou se \u00e9 orienta\u00e7\u00e3o do banco. Seja como for, \u00e9 preciso cessar este tipo de atua\u00e7\u00e3o para evitarmos danos aos funcion\u00e1rios e \u00e0 pr\u00f3pria institui\u00e7\u00e3o\u201d, completou o coordenador da CEBB, lembrando que a categoria banc\u00e1ria \u00e9 uma das mais acometidas por doen\u00e7as relacionadas ao trabalho, tanto por casos de transtornos mentais, quanto as Les\u00f5es por Esfor\u00e7os Repetitivos e os Dist\u00farbios Osteomusculares Relacionados ao Trabalho (LER\/Dort).<\/p>\n<p>Para o representante da Federa\u00e7\u00e3o dos Trabalhadores do Ramo Financeiro de Santa Catarina (Fetrafi\/SC) na CEBB, Luiz Toniolo, os funcion\u00e1rios das CRBBs est\u00e3o submetidos a uma rotina de trabalho exigente e desgastante e sofrem cobran\u00e7a excessiva de metas. \u201cS\u00e3o metas que dificilmente ser\u00e3o atingidas e muito do que ocorre nos locais de trabalho \u00e9 estrat\u00e9gia institucional\u201d, disse. \u201cSe esta estrat\u00e9gia est\u00e1 levando os trabalhadores ao adoecimento, algo tem que mudar\u201d, completou.<\/p>\n<p>Toniolo disse que n\u00e3o \u00e9 a primeira vez que surgem reclama\u00e7\u00f5es. \u201cPor\u00e9m, neste volume de insatisfa\u00e7\u00e3o n\u00e3o tinha percebido ainda!\u201d, alertou.<\/p>\n<p>O diretor do Sindicato dos Banc\u00e1rios de Curitiba e Regi\u00e3o e funcion\u00e1rio BB, Alessandro Greco Garcia, o Vov\u00f4, disse que, al\u00e9m das metas abusivas, tamb\u00e9m existem problemas nas regras do Programa Extraordin\u00e1rio de Desempenho Gratificado (PDG), que mudam no meio do jogo e n\u00e3o s\u00e3o claras. \u201cTamb\u00e9m h\u00e1 falta de funcion\u00e1rios. Muitos aprovados no concurso ainda n\u00e3o foram convocados. Al\u00e9m disso, o baixo sal\u00e1rio n\u00e3o seduz as pessoas a virem para S\u00e3o Jos\u00e9 dos Pinhais, mas tamb\u00e9m o tipo de servi\u00e7o realizado, focado somente em vendas, desmotiva\u201d, explicou.<\/p>\n<p>\u201cJ\u00e1 tivemos uma ouvidoria baseada em diversos relatos sobre problemas da administra\u00e7\u00e3o local e que teve resultado procedente, mas as reclama\u00e7\u00f5es continuam as mesmas\u201d, completou.<\/p>\n<p>Na unidade da Central de Relacionamento de S\u00e3o Paulo os trabalhadores enfrentam\u00a0<a href=\"https:\/\/spbancarios.com.br\/04\/2022\/bb-sindicato-cobra-melhores-condicoes-de-trabalho-na-crbb\">a mesma situa\u00e7\u00e3o<\/a>. \u201cProblemas como estes n\u00e3o podem continuar. Por isso, insistimos nesta tentativa de conversa com o banco para solucion\u00e1-los\u201d, concluiu o coordenador da CEBB.<\/p>\n<p><strong>Fonte: Contraf-CUT<\/strong><\/p>\n","protected":false},"excerpt":{"rendered":"<p>A Comiss\u00e3o de Empresa dos Funcion\u00e1rios do Banco do Brasil (CEBB) se reunir\u00e1 com o banco na pr\u00f3xima quinta-feira (14) para tratar de den\u00fancias de ass\u00e9dio moral e cobran\u00e7a excessiva de metas, que dificilmente ser\u00e3o atingidas, nas Centrais de Relacionamento do Banco do Brasil (CRBBs) em S\u00e3o Paulo, Curitiba, S\u00e3o Jos\u00e9 dos Pinhais (PR). \u201cValorizamos [&hellip;]<\/p>\n","protected":false},"author":2,"featured_media":12416,"comment_status":"","ping_status":"","sticky":false,"template":"","format":"standard","meta":{"footnotes":""},"categories":[3],"tags":[],"class_list":["post-12417","post","type-post","status-publish","format-standard","has-post-thumbnail","hentry","category-noticias"],"_links":{"self":[{"href":"https:\/\/hostnetart.com.br\/baixada\/wp-json\/wp\/v2\/posts\/12417","targetHints":{"allow":["GET"]}}],"collection":[{"href":"https:\/\/hostnetart.com.br\/baixada\/wp-json\/wp\/v2\/posts"}],"about":[{"href":"https:\/\/hostnetart.com.br\/baixada\/wp-json\/wp\/v2\/types\/post"}],"author":[{"embeddable":true,"href":"https:\/\/hostnetart.com.br\/baixada\/wp-json\/wp\/v2\/users\/2"}],"replies":[{"embeddable":true,"href":"https:\/\/hostnetart.com.br\/baixada\/wp-json\/wp\/v2\/comments?post=12417"}],"version-history":[{"count":0,"href":"https:\/\/hostnetart.com.br\/baixada\/wp-json\/wp\/v2\/posts\/12417\/revisions"}],"wp:featuredmedia":[{"embeddable":true,"href":"https:\/\/hostnetart.com.br\/baixada\/wp-json\/wp\/v2\/media\/12416"}],"wp:attachment":[{"href":"https:\/\/hostnetart.com.br\/baixada\/wp-json\/wp\/v2\/media?parent=12417"}],"wp:term":[{"taxonomy":"category","embeddable":true,"href":"https:\/\/hostnetart.com.br\/baixada\/wp-json\/wp\/v2\/categories?post=12417"},{"taxonomy":"post_tag","embeddable":true,"href":"https:\/\/hostnetart.com.br\/baixada\/wp-json\/wp\/v2\/tags?post=12417"}],"curies":[{"name":"wp","href":"https:\/\/api.w.org\/{rel}","templated":true}]}}