{"id":12409,"date":"2022-04-12T15:28:13","date_gmt":"2022-04-12T18:28:13","guid":{"rendered":"https:\/\/hostnetart.com.br\/baixada\/remedio-do-banco-central-ajuda-especuladores-mas-nao-segura-inflacao\/"},"modified":"2022-04-12T15:28:13","modified_gmt":"2022-04-12T18:28:13","slug":"remedio-do-banco-central-ajuda-especuladores-mas-nao-segura-inflacao","status":"publish","type":"post","link":"https:\/\/hostnetart.com.br\/baixada\/remedio-do-banco-central-ajuda-especuladores-mas-nao-segura-inflacao\/","title":{"rendered":"\u2018Rem\u00e9dio\u2019 do Banco Central ajuda especuladores, mas n\u00e3o segura infla\u00e7\u00e3o"},"content":{"rendered":"<p>O presidente do Banco Central (BC), Roberto Campos Neto, afirmou nesta segunda-feira (11) que ficou \u201csurpreso\u201d com a infla\u00e7\u00e3o no m\u00eas passado. Ele esperava conter os pre\u00e7os, ap\u00f3s a\u00a0<a href=\"https:\/\/www.redebrasilatual.com.br\/economia\/2022\/03\/taxa-juros-nona-alta-inflacao-subindo-pais-sem-crescimento\/\" target=\"_blank\" rel=\"noopener noreferrer\">nona alta seguida<\/a>\u00a0da Selic (taxa b\u00e1sica de juros) pelo\u00a0<a href=\"https:\/\/www.bcb.gov.br\/controleinflacao\/copom\" target=\"_blank\" rel=\"noopener noreferrer\">Comit\u00ea de Pol\u00edtica Monet\u00e1ria<\/a>\u00a0(Copom). No entanto, a infla\u00e7\u00e3o de mar\u00e7o, medida pelo \u00cdndice Nacional de Pre\u00e7os ao Consumidor (IPCA), subiu 1,62%,\u00a0<a href=\"https:\/\/www.redebrasilatual.com.br\/economia\/2022\/04\/alimentacao-e-transportes-pressionam-inflacao-que-tem-o-pior-marco-desde-1994\/\" target=\"_blank\" rel=\"noopener noreferrer\">a maior para o m\u00eas desde 1994<\/a>. Em 12 meses, o IPCA acumula alta de 11,30%. Desse modo, com a taxa b\u00e1sica (Selic) definida em 11,75%, o ganho real m\u00e9dio de quem empresta ao governo est\u00e1 em 0,45 ponto percentual ao ano.<\/p>\n<p>Ainda assim, Campos Neto disse acreditar que os juros altos ainda far\u00e3o cair a infla\u00e7\u00e3o \u201cnos pr\u00f3ximos trimestres\u201d. No entanto, economistas como o professor Jos\u00e9 Luis\u00a0Oreiro, do Departamento de Economia da Universidade de Bras\u00edlia (UnB), avaliam que o BC erra no diagn\u00f3stico. E, portanto, \u201cest\u00e1 aplicando o rem\u00e9dio errado\u201d contra a infla\u00e7\u00e3o. \u00c0 reportagem da\u00a0<strong>RBA,<\/strong>\u00a0ele afirmou que a alta dos pre\u00e7os no pa\u00eds n\u00e3o est\u00e1 relacionada a press\u00f5es \u201cde demanda\u201d \u2013 quando a procura por produtos e servi\u00e7os \u00e9 maior que a disponibilidade imediata \u2013, que poderia ser corrigida com aumento dos juros.<\/p>\n<div class=\"wp-block-image\">\n<figure class=\"alignright size-large is-resized\"><img fetchpriority=\"high\" decoding=\"async\" class=\"wp-image-557101 lazyloaded\" src=\"https:\/\/www.redebrasilatual.com.br\/wp-content\/uploads\/2022\/04\/bolsonaro-e-bra-netto-1024x643.jpg\" sizes=\"(max-width: 445px) 100vw, 445px\" srcset=\"https:\/\/www.redebrasilatual.com.br\/wp-content\/uploads\/2022\/04\/bolsonaro-e-bra-netto-1024x643.jpg 1024w, https:\/\/www.redebrasilatual.com.br\/wp-content\/uploads\/2022\/04\/bolsonaro-e-bra-netto-360x226.jpg 360w, https:\/\/www.redebrasilatual.com.br\/wp-content\/uploads\/2022\/04\/bolsonaro-e-bra-netto-768x483.jpg 768w, https:\/\/www.redebrasilatual.com.br\/wp-content\/uploads\/2022\/04\/bolsonaro-e-bra-netto.jpg 1200w\" alt=\"banco central erra no rem\u00e9dio\" width=\"445\" height=\"279\" data-ll-status=\"loaded\" \/><figcaption>Bolsonaro e seu poss\u00edvel vice na futura chapa presidencial, general Braga Netto: rem\u00e9dio superfaturado contra queda de cabelo e outras, em vez de tratamento eficaz para infla\u00e7\u00e3o (Allan Santos\/PR)<\/figcaption><\/figure>\n<\/div>\n<h4 class=\"has-background\">\u00a0<\/h4>\n<p>Mais do que isso, Oreiro diz que esse rem\u00e9dio vai custar caro ao Brasil. Inclusive, mais caro do que os\u00a0<a href=\"https:\/\/www.redebrasilatual.com.br\/politica\/2022\/04\/deputados-vao-ao-mp-contra-a-compra-de-viagra-pelas-forcas-armadas\/\" target=\"_blank\" rel=\"noopener noreferrer\">viagras e antiquedas de cabelo adquiridos<\/a>\u00a0pelas For\u00e7as Armadas com pre\u00e7os superfaturados. De acordo com seus c\u00e1lculos, toda vez que o Banco Central eleva a Selic em 1 ponto percentual, os gastos anualizados com o pagamento de juros da d\u00edvida aumentam em R$ 36 bilh\u00f5es. Nesse sentido, a alta da taxa b\u00e1sica de juros tamb\u00e9m encarece o cr\u00e9dito para empresas e fam\u00edlias, dificultando ainda mais a recupera\u00e7\u00e3o dos endividados.<\/p>\n<p>Mas nem todo mundo sai perdendo. Al\u00e9m dos investidores, que passaram a ganhar um pouco mais com t\u00edtulos p\u00fablicos, os bancos passaram a\u00a0<a href=\"https:\/\/contrafcut.com.br\/noticias\/lucro-dos-bancos-disparam-enquanto-o-endividamento-das-familias-aprofunda-no-brasil\/\" target=\"_blank\" rel=\"noopener noreferrer\">cobrar muito mais por opera\u00e7\u00f5es de cr\u00e9dito<\/a>. Por isso celebram\u00a0<a href=\"https:\/\/www.redebrasilatual.com.br\/economia\/2022\/02\/bb-bradesco-itau-e-santander-lucram-r-157-bilhoes-em-dois-anos-de-pandemia\/\" target=\"_blank\" rel=\"noopener noreferrer\">lucros recordes<\/a>, como sempre.<\/p>\n<h3>Causas<\/h3>\n<p>\u201cA pol\u00edtica de eleva\u00e7\u00e3o de juros \u00e9 contraproducente. Ou seja, ela n\u00e3o tem efeito sobre a infla\u00e7\u00e3o. O BC subir os juros n\u00e3o vai afetar em nada o pre\u00e7o das\u00a0<em>commodities\u00a0<\/em>no mercado internacional\u201d, disse o economista, referindo-se especialmente ao petr\u00f3leo. \u201cQuem se beneficia \u00e9 o setor financeiro, os rentistas em geral. Quem se prejudica \u00e9 o setor empresarial produtivo, assim como quem tem d\u00edvida atrelada \u00e0\u00a0<a href=\"https:\/\/www.bcb.gov.br\/controleinflacao\/taxaselic\" target=\"_blank\" rel=\"noopener noreferrer\">Selic<\/a>.\u201d<\/p>\n<p>Como causas da recente escalada nos pre\u00e7os, principalmente dos alimentos e dos combust\u00edveis, Oreiro cita as consequ\u00eancias da\u00a0<a href=\"https:\/\/www.redebrasilatual.com.br\/tag\/covid-19\/\" target=\"_blank\" rel=\"noopener noreferrer\">pandemia de covid-19<\/a>, que desorganizou cadeias locais e globais importantes de valor. Soma-se a isso a guerra na Ucr\u00e2nia, assim como as san\u00e7\u00f5es econ\u00f4micas aplicadas pelos Estados Unidos e pela Europa contra a R\u00fassia.<\/p>\n<p>\u201cO que est\u00e1 acontecendo no Brasil n\u00e3o \u00e9 diferente, de forma qualitativa, do que est\u00e1 acontecendo, por exemplo, nos Estados Unidos. Quer dizer, nos Estados Unidos a infla\u00e7\u00e3o acumulada em 12 meses est\u00e1 em 8%. Na Espanha ela est\u00e1 pr\u00f3xima de 10%\u201d, afirmou.<\/p>\n<p>A diferen\u00e7a, segundo ele, foi o tratamento adotado pelo Brasil para conter a doen\u00e7a. \u201cEsse tipo de infla\u00e7\u00e3o voc\u00ea n\u00e3o combate com a eleva\u00e7\u00e3o dos juros.\u201d Oreiro destacou que o Banco Central Europeu (BCE) manteve a taxa b\u00e1sica em -0,5% ao ano. J\u00e1 o Federal\u00a0Reserve (Fed), Banco Central dos\u00a0Estados Unidos,\u00a0aumentou em apenas 0,25 ponto percentual no m\u00eas passado. No entanto, no mesmo dia, o BC do Brasil anunciava eleva\u00e7\u00e3o de 1 ponto percentual, com a Selic fixada em 11,75% ao ano.<\/p>\n<p>Nem sequer a atual aprecia\u00e7\u00e3o do real frente ao d\u00f3lar Oreiro atribui \u00e0 eleva\u00e7\u00e3o da Selic. \u201cO c\u00e2mbio no Brasil s\u00f3 caiu abaixo de R$ 5 depois da\u00a0<a href=\"https:\/\/www.redebrasilatual.com.br\/tag\/russia\">guerra na Ucr\u00e2nia<\/a>. O BC vem aumentando a taxa de juros desde mar\u00e7o do ano passado\u201d.<\/p>\n<h3>Tratamento alternativo<\/h3>\n<p>A valoriza\u00e7\u00e3o do real, segundo ele, tem a ver com a alta dos pre\u00e7os das\u00a0<em>commodities\u00a0<\/em>no mercado internacional. Ainda assim, essa varia\u00e7\u00e3o n\u00e3o foi capaz de garantir al\u00edvio no mercado interno. \u201cNa verdade, o pre\u00e7o das\u00a0<em>commodities<\/em>, principalmente dos alimentos e da energia, subiu mais em d\u00f3lares do que o d\u00f3lar se desvalorizou frente ao real. Por isso que a press\u00e3o inflacion\u00e1ria n\u00e3o foi eliminada\u201d, afirmou.<\/p>\n<p>Para conter a alta dos pre\u00e7os no Brasil, em vez da eleva\u00e7\u00e3o da Selic, Oreiro afirma que a solu\u00e7\u00e3o para conter a infla\u00e7\u00e3o, nesse momento, n\u00e3o passa pela pol\u00edtica monet\u00e1ria. Para isso, ele diz que o instrumento mais adequado seria um imposto de exporta\u00e7\u00e3o sobre as\u00a0<em>commodities\u00a0<\/em>produzidas no Brasil, como soja e milho, por exemplo.<\/p>\n<p>\u201cO que n\u00f3s dever\u00edamos ter feito pra segurar um pouco a infla\u00e7\u00e3o de alimentos no Brasil seria introduzir um imposto sobre a exporta\u00e7\u00e3o de\u00a0<em>commodities<\/em>\u201c, sugeriu. Assim, segundo ele, a receita trazida por essa taxa\u00e7\u00e3o serviria para redirecionar a produ\u00e7\u00e3o de alimentos para o mercado interno, fazendo cair os pre\u00e7os.<\/p>\n<p><strong>Fonte: Rede Brasil Atual<\/strong><\/p>\n","protected":false},"excerpt":{"rendered":"<p>O presidente do Banco Central (BC), Roberto Campos Neto, afirmou nesta segunda-feira (11) que ficou \u201csurpreso\u201d com a infla\u00e7\u00e3o no m\u00eas passado. Ele esperava conter os pre\u00e7os, ap\u00f3s a\u00a0nona alta seguida\u00a0da Selic (taxa b\u00e1sica de juros) pelo\u00a0Comit\u00ea de Pol\u00edtica Monet\u00e1ria\u00a0(Copom). No entanto, a infla\u00e7\u00e3o de mar\u00e7o, medida pelo \u00cdndice Nacional de Pre\u00e7os ao Consumidor (IPCA), [&hellip;]<\/p>\n","protected":false},"author":2,"featured_media":12408,"comment_status":"","ping_status":"","sticky":false,"template":"","format":"standard","meta":{"footnotes":""},"categories":[3],"tags":[],"class_list":["post-12409","post","type-post","status-publish","format-standard","has-post-thumbnail","hentry","category-noticias"],"_links":{"self":[{"href":"https:\/\/hostnetart.com.br\/baixada\/wp-json\/wp\/v2\/posts\/12409","targetHints":{"allow":["GET"]}}],"collection":[{"href":"https:\/\/hostnetart.com.br\/baixada\/wp-json\/wp\/v2\/posts"}],"about":[{"href":"https:\/\/hostnetart.com.br\/baixada\/wp-json\/wp\/v2\/types\/post"}],"author":[{"embeddable":true,"href":"https:\/\/hostnetart.com.br\/baixada\/wp-json\/wp\/v2\/users\/2"}],"replies":[{"embeddable":true,"href":"https:\/\/hostnetart.com.br\/baixada\/wp-json\/wp\/v2\/comments?post=12409"}],"version-history":[{"count":0,"href":"https:\/\/hostnetart.com.br\/baixada\/wp-json\/wp\/v2\/posts\/12409\/revisions"}],"wp:featuredmedia":[{"embeddable":true,"href":"https:\/\/hostnetart.com.br\/baixada\/wp-json\/wp\/v2\/media\/12408"}],"wp:attachment":[{"href":"https:\/\/hostnetart.com.br\/baixada\/wp-json\/wp\/v2\/media?parent=12409"}],"wp:term":[{"taxonomy":"category","embeddable":true,"href":"https:\/\/hostnetart.com.br\/baixada\/wp-json\/wp\/v2\/categories?post=12409"},{"taxonomy":"post_tag","embeddable":true,"href":"https:\/\/hostnetart.com.br\/baixada\/wp-json\/wp\/v2\/tags?post=12409"}],"curies":[{"name":"wp","href":"https:\/\/api.w.org\/{rel}","templated":true}]}}