{"id":12405,"date":"2022-04-12T13:54:10","date_gmt":"2022-04-12T16:54:10","guid":{"rendered":"https:\/\/hostnetart.com.br\/baixada\/25-campanha-de-vacinacao-nacional-antigripe-do-setor-bancario\/"},"modified":"2022-04-12T13:54:10","modified_gmt":"2022-04-12T16:54:10","slug":"25-campanha-de-vacinacao-nacional-antigripe-do-setor-bancario","status":"publish","type":"post","link":"https:\/\/hostnetart.com.br\/baixada\/25-campanha-de-vacinacao-nacional-antigripe-do-setor-bancario\/","title":{"rendered":"25\u00aa Campanha de Vacina\u00e7\u00e3o Nacional Antigripe do Setor Banc\u00e1rio"},"content":{"rendered":"<p>Nesta \u00faltima segunda-feira, 11 de abril, a Federa\u00e7\u00e3o Brasileira de Bancos (Febraban) comunicou ao Comando Nacional dos Banc\u00e1rios que, no\u00a0dia 25 de abril, ser\u00e1 iniciada a 25\u00aa Campanha Nacional de Vacina\u00e7\u00e3o Antigripe do Setor Banc\u00e1rio. O of\u00edcio \u00e9 assinado pelo Diretor Executivo de Rela\u00e7\u00f5es Institucionais, Trabalhistas e Sindicais, Adauto Duarte.<\/p>\n<p>No dia 6 de abril, a Federa\u00e7\u00e3o dos Trabalhadores do Ramo Financeiro dos Estados do Rio de Janeiro e Esp\u00edrito Santo (Fetraf RJ\/ES), da qual o Sindicato dos Banc\u00e1rios \u00e9 filiado, enviou of\u00edcio \u00e0 entidade, solicitando a antecipa\u00e7\u00e3o da vacina\u00e7\u00e3o para a categoria banc\u00e1ria.<\/p>\n<p>Neste ano, a campanha contar\u00e1 com a ades\u00e3o de 19 Bancos, beneficiar\u00e1 cerca de 370 mil banc\u00e1rios e ser\u00e1 realizada em parceria com o Laborat\u00f3rio Sanofi Pasteur, que produz vacinas contra gripe para o abastecimento mundial h\u00e1 mais de 70 anos.<\/p>\n<p>De modo a ampliar a prote\u00e7\u00e3o, a vacina ofertada na campanha ser\u00e1 a Quadrivalente, desenvolvida para atuar contra 4 cepas do v\u00edrus Influenza (cepas A &#8211; H1N1 e H3N2 e cepas B \u2013 Victoria e Yamagata).<\/p>\n<p>De acordo com a Organiza\u00e7\u00e3o Mundial da Sa\u00fade, a influenza \u00e9 uma doen\u00e7a grave, imprevis\u00edvel e precisa ser prevenida a cada ano, especialmente importante neste momento de pandemia da COVID-19.<\/p>\n<p>Em todo o mundo, os casos graves acometem de 3 a 5 milh\u00f5es de pessoas, com um n\u00famero de mortes respirat\u00f3rias que varia de 290 mil a 650 mil por ano.1 Al\u00e9m disso, a Influenza tem impacto direto nos casos de contamina\u00e7\u00e3o, interna\u00e7\u00e3o e \u00f3bitos da COVID-19.<\/p>\n<p>Al\u00e9m da vacina, haver\u00e1 o servi\u00e7o de aplica\u00e7\u00e3o, que ocorrer\u00e1 nos pr\u00f3prios locais de trabalho, ou em sistema drive-thru, ou ainda em cl\u00ednicas credenciadas, conforme a log\u00edstica estabelecida diretamente entre a Sanofi e cada uma das IFs participantes, bem como uma central de atendimento aos usu\u00e1rios.<\/p>\n<p><strong>Macrocronograma<\/strong><\/p>\n<p>25.04 a 30.06 &#8211; S\u00e3o Paulo (Capital) e Osasco &#8211; Pr\u00e9dios Administrativos<br \/>28.04 a 30.06 &#8211; Estados do Sul e Sudeste<br \/>02.05 a 30.06 &#8211; Brasil<\/p>\n<p><strong>Fonte: Fetraf RJ\/ES<\/strong><\/p>\n","protected":false},"excerpt":{"rendered":"<p>Nesta \u00faltima segunda-feira, 11 de abril, a Federa\u00e7\u00e3o Brasileira de Bancos (Febraban) comunicou ao Comando Nacional dos Banc\u00e1rios que, no\u00a0dia 25 de abril, ser\u00e1 iniciada a 25\u00aa Campanha Nacional de Vacina\u00e7\u00e3o Antigripe do Setor Banc\u00e1rio. O of\u00edcio \u00e9 assinado pelo Diretor Executivo de Rela\u00e7\u00f5es Institucionais, Trabalhistas e Sindicais, Adauto Duarte. No dia 6 de abril, [&hellip;]<\/p>\n","protected":false},"author":2,"featured_media":12404,"comment_status":"","ping_status":"","sticky":false,"template":"","format":"standard","meta":{"footnotes":""},"categories":[3],"tags":[],"class_list":["post-12405","post","type-post","status-publish","format-standard","has-post-thumbnail","hentry","category-noticias"],"_links":{"self":[{"href":"https:\/\/hostnetart.com.br\/baixada\/wp-json\/wp\/v2\/posts\/12405","targetHints":{"allow":["GET"]}}],"collection":[{"href":"https:\/\/hostnetart.com.br\/baixada\/wp-json\/wp\/v2\/posts"}],"about":[{"href":"https:\/\/hostnetart.com.br\/baixada\/wp-json\/wp\/v2\/types\/post"}],"author":[{"embeddable":true,"href":"https:\/\/hostnetart.com.br\/baixada\/wp-json\/wp\/v2\/users\/2"}],"replies":[{"embeddable":true,"href":"https:\/\/hostnetart.com.br\/baixada\/wp-json\/wp\/v2\/comments?post=12405"}],"version-history":[{"count":0,"href":"https:\/\/hostnetart.com.br\/baixada\/wp-json\/wp\/v2\/posts\/12405\/revisions"}],"wp:featuredmedia":[{"embeddable":true,"href":"https:\/\/hostnetart.com.br\/baixada\/wp-json\/wp\/v2\/media\/12404"}],"wp:attachment":[{"href":"https:\/\/hostnetart.com.br\/baixada\/wp-json\/wp\/v2\/media?parent=12405"}],"wp:term":[{"taxonomy":"category","embeddable":true,"href":"https:\/\/hostnetart.com.br\/baixada\/wp-json\/wp\/v2\/categories?post=12405"},{"taxonomy":"post_tag","embeddable":true,"href":"https:\/\/hostnetart.com.br\/baixada\/wp-json\/wp\/v2\/tags?post=12405"}],"curies":[{"name":"wp","href":"https:\/\/api.w.org\/{rel}","templated":true}]}}