{"id":12403,"date":"2022-04-11T22:51:01","date_gmt":"2022-04-12T01:51:01","guid":{"rendered":"https:\/\/hostnetart.com.br\/baixada\/eleicoes-previ-candidato-da-chapa-1-tem-cargo-de-confianca-no-ministerio-da-economia\/"},"modified":"2022-04-11T22:51:01","modified_gmt":"2022-04-12T01:51:01","slug":"eleicoes-previ-candidato-da-chapa-1-tem-cargo-de-confianca-no-ministerio-da-economia","status":"publish","type":"post","link":"https:\/\/hostnetart.com.br\/baixada\/eleicoes-previ-candidato-da-chapa-1-tem-cargo-de-confianca-no-ministerio-da-economia\/","title":{"rendered":"Elei\u00e7\u00f5es Previ: candidato da Chapa 1 tem cargo de confian\u00e7a no Minist\u00e9rio da Economia"},"content":{"rendered":"<p>Fabiano Amann, que disputa cargo do Conselho Fiscal pela chapa 1, nas elei\u00e7\u00f5es da Previ, ocupa cargo de confian\u00e7a na Secretaria de Coordena\u00e7\u00e3o e Governan\u00e7a do Patrim\u00f4nio da Uni\u00e3o. O \u00f3rg\u00e3o \u00e9 vinculado \u00e0 Secretaria Especial de Desestatiza\u00e7\u00e3o, Desinvestimento e Mercados, do Minist\u00e9rio da Economia, comandado por Paulo Guedes e respons\u00e1vel pelos processos de privatiza\u00e7\u00e3o do governo federal.<\/p>\n<p>\u201cO atual governo nunca escondeu o interesse em privatizar importantes empresas p\u00fablicas, incluindo o Banco do Brasil; e todos n\u00f3s sabemos que a privatiza\u00e7\u00e3o do BB colocaria em risco a Previ\u201d, destaca o coordenador da Comiss\u00e3o de Empresa dos Funcion\u00e1rios do Banco do Brasil (CEBB), Jo\u00e3o Fukunaga.<\/p>\n<p>Outro fator preocupante levantado pelas entidades que representam os trabalhadores da ativa e aposentados do BB \u00e9 o risco de interfer\u00eancias pol\u00edticas via elei\u00e7\u00f5es Previ. \u201cA entidade \u00e9 dos funcion\u00e1rios do Banco do Brasil, e como tal, n\u00e3o pode ser submetida ao risco de interfer\u00eancias de governos ou do mercado, colocando em risco o patrim\u00f4nio de toda uma vida de trabalho no banco\u201d, completa Fukunaga.<\/p>\n<h3><strong>Amea\u00e7as claras<\/strong><\/h3>\n<p>O Minist\u00e9rio da Economia trabalha atualmente na formula\u00e7\u00e3o de um Projeto de Lei (PL) que enfraquece as entidades fechadas de previd\u00eancia complementar. O PL prop\u00f5e permiss\u00e3o da portabilidade de seus planos de previd\u00eancia a bancos privados, o fim da obrigatoriedade de representa\u00e7\u00e3o parit\u00e1ria entre participantes e patrocinadores em sua gest\u00e3o e a redu\u00e7\u00e3o da participa\u00e7\u00e3o dos trabalhadores na gest\u00e3o dos seus recursos \u2013 o que acontece via elei\u00e7\u00e3o de metade dos conselheiros e diretores da Previ.<\/p>\n<p>O PL \u00e9 uma proposta de revis\u00e3o das Leis Complementares 108 e 109 de 2001, fomentado desde o ano passado pela Iniciativas de Mercado de Capitais do Minist\u00e9rio da Economia (IMK\/ME), grupo que nasceu no cora\u00e7\u00e3o da pasta liderada por Paulo Guedes. \u201cN\u00e3o podemos perder de vista que, h\u00e1 tempos, o mercado financeiro est\u00e1 de olho no patrim\u00f4nio de R$ 1,2 trilh\u00e3o dos trabalhadores geridos pelos fundos de pens\u00e3o, do qual a Previ administra mais de R$ 220 bilh\u00f5es\u201d, pontua Fukunaga.<\/p>\n<p><strong>Fonte: Contraf-CUT<\/strong><\/p>\n","protected":false},"excerpt":{"rendered":"<p>Fabiano Amann, que disputa cargo do Conselho Fiscal pela chapa 1, nas elei\u00e7\u00f5es da Previ, ocupa cargo de confian\u00e7a na Secretaria de Coordena\u00e7\u00e3o e Governan\u00e7a do Patrim\u00f4nio da Uni\u00e3o. O \u00f3rg\u00e3o \u00e9 vinculado \u00e0 Secretaria Especial de Desestatiza\u00e7\u00e3o, Desinvestimento e Mercados, do Minist\u00e9rio da Economia, comandado por Paulo Guedes e respons\u00e1vel pelos processos de privatiza\u00e7\u00e3o [&hellip;]<\/p>\n","protected":false},"author":2,"featured_media":12402,"comment_status":"","ping_status":"","sticky":false,"template":"","format":"standard","meta":{"footnotes":""},"categories":[3],"tags":[],"class_list":["post-12403","post","type-post","status-publish","format-standard","has-post-thumbnail","hentry","category-noticias"],"_links":{"self":[{"href":"https:\/\/hostnetart.com.br\/baixada\/wp-json\/wp\/v2\/posts\/12403","targetHints":{"allow":["GET"]}}],"collection":[{"href":"https:\/\/hostnetart.com.br\/baixada\/wp-json\/wp\/v2\/posts"}],"about":[{"href":"https:\/\/hostnetart.com.br\/baixada\/wp-json\/wp\/v2\/types\/post"}],"author":[{"embeddable":true,"href":"https:\/\/hostnetart.com.br\/baixada\/wp-json\/wp\/v2\/users\/2"}],"replies":[{"embeddable":true,"href":"https:\/\/hostnetart.com.br\/baixada\/wp-json\/wp\/v2\/comments?post=12403"}],"version-history":[{"count":0,"href":"https:\/\/hostnetart.com.br\/baixada\/wp-json\/wp\/v2\/posts\/12403\/revisions"}],"wp:featuredmedia":[{"embeddable":true,"href":"https:\/\/hostnetart.com.br\/baixada\/wp-json\/wp\/v2\/media\/12402"}],"wp:attachment":[{"href":"https:\/\/hostnetart.com.br\/baixada\/wp-json\/wp\/v2\/media?parent=12403"}],"wp:term":[{"taxonomy":"category","embeddable":true,"href":"https:\/\/hostnetart.com.br\/baixada\/wp-json\/wp\/v2\/categories?post=12403"},{"taxonomy":"post_tag","embeddable":true,"href":"https:\/\/hostnetart.com.br\/baixada\/wp-json\/wp\/v2\/tags?post=12403"}],"curies":[{"name":"wp","href":"https:\/\/api.w.org\/{rel}","templated":true}]}}