{"id":1240,"date":"2013-07-25T00:00:00","date_gmt":"2013-07-25T03:00:00","guid":{"rendered":"https:\/\/hostnetart.com.br\/baixada\/contraf-cut-retoma-forum-de-saude-com-santander-nesta-quinta\/"},"modified":"2013-07-25T00:00:00","modified_gmt":"2013-07-25T03:00:00","slug":"contraf-cut-retoma-forum-de-saude-com-santander-nesta-quinta","status":"publish","type":"post","link":"https:\/\/hostnetart.com.br\/baixada\/contraf-cut-retoma-forum-de-saude-com-santander-nesta-quinta\/","title":{"rendered":"Contraf-CUT retoma F\u00f3rum de Sa\u00fade com Santander nesta quinta"},"content":{"rendered":"<p>A Contraf-CUT, federa\u00e7\u00f5es e sindicatos retomam nesta quinta-feira (25), \u00e0s 14h, o F\u00f3rum de Sa\u00fade e Condi\u00e7\u00f5es de Trabalho com o Santander. A reuni\u00e3o ocorre no pr\u00e9dio do ex-Banespa, no centro de S\u00e3o Paulo.<\/p>\n<p>\u00a0<\/p>\n<p>O F\u00f3rum est\u00e1 previsto na cl\u00e1usula 24\u00aa do Acordo Coletivo de Trabalho 2012\/2014 do Santander, aditivo \u00e0 Conven\u00e7\u00e3o Coletiva de Trabalho (CCT), com a finalidade de \u201cestudo, discuss\u00e3o e proposta de sugest\u00f5es de pol\u00edticas, programas, projetos e a\u00e7\u00f5es de sa\u00fade, condi\u00e7\u00f5es de trabalho e preven\u00e7\u00e3o de sinistros, entre os representantes da Administra\u00e7\u00e3o do Santander, de entidades de representa\u00e7\u00e3o e \u00f3rg\u00e3os t\u00e9cnicos, independente das discuss\u00f5es das mesas tem\u00e1ticas realizadas na Fenaban\u201d.<\/p>\n<p>\u00a0<\/p>\n<p>Uma pauta de reivindica\u00e7\u00f5es dos trabalhadores foi enviada para os representantes do banco.<\/p>\n<p>\u00a0<\/p>\n<p>Clique\u00a0<a href=\"http:\/\/www.contrafcut.org.br\/download\/Arquivo\/13724215134.pdf\" target=\"_blank\" rel=\"noopener noreferrer\">aqui<\/a>\u00a0para ver a \u00edntegra da pauta.<\/p>\n<p>\u00a0<\/p>\n<p>A lista de demandas inclui as propostas de sa\u00fade e condi\u00e7\u00f5es de trabalho, que foram aprovadas no Encontro Nacional dos Dirigentes Sindicais do Santander, realizado nos dias 4 e 5 de junho, em S\u00e3o Paulo.<\/p>\n<p>\u00a0<\/p>\n<p>\u00a0<\/p>\n<p><strong>Demiss\u00f5es, sobrecarga de servi\u00e7os e adoecimento<\/strong><\/p>\n<p>\u00a0<\/p>\n<p>As condi\u00e7\u00f5es de trabalho no Santander s\u00e3o assustadoras, pioram e se deterioram dia a dia. No ano passado, o numero de demiss\u00f5es superou as contrata\u00e7\u00f5es, o que resultou na redu\u00e7\u00e3o de 572 postos de trabalho. Por outro lado, aumentou em 45 o n\u00famero de ag\u00eancias e em mais de 2 milh\u00f5es a base de clientes.<\/p>\n<p>\u00a0<\/p>\n<p>Clique\u00a0<a href=\"http:\/\/www.contrafcut.org.br\/download\/Arquivo\/1371823533.pdf\" target=\"_blank\" rel=\"noopener noreferrer\">aqui<\/a>\u00a0para ler o Jornal dos Banc\u00e1rios \u2013 Especial Santander.<\/p>\n<p>\u00a0<\/p>\n<p>No primeiro semestre deste ano, segundo informa\u00e7\u00f5es enviadas pela maioria dos sindicatos para a Contraf-CUT, o banco demitiu 2.604 funcion\u00e1rios, dos quais 1.820 sem justa causa. Essas demiss\u00f5es concentram-se, sobretudo, nas ag\u00eancias, em raz\u00e3o da pol\u00edtica de redu\u00e7\u00e3o de custos, fus\u00e3o de ag\u00eancias e a elimina\u00e7\u00e3o de cargos\/fun\u00e7\u00f5es como de coordenador de atendimento.<\/p>\n<p>\u00a0<\/p>\n<p>Neste quadro perverso de aumento de servi\u00e7o\/metas e redu\u00e7\u00e3o do quadro de funcion\u00e1rios proliferam o ass\u00e9dio moral, a sobrecarga de servi\u00e7os, a extrapola\u00e7\u00e3o da jornada de trabalho e a amea\u00e7a constante de demiss\u00e3o. O grande n\u00famero de afastamentos s\u00e3o sinais claros de que os trabalhadores n\u00e3o aguentam mais esta situa\u00e7\u00e3o.<\/p>\n<p>\u00a0<\/p>\n<p>\u00a0<\/p>\n<p><strong>Planos de sa\u00fade<\/strong><\/p>\n<p>\u00a0<\/p>\n<p>A pauta inclui tamb\u00e9m propostas para a manuten\u00e7\u00e3o dos planos de sa\u00fade na aposentadoria, nas mesmas condi\u00e7\u00f5es de cobertura assistencial de que o funcion\u00e1rio gozava quando da vig\u00eancia do contrato de trabalho, mediante o pagamento de mensalidade correspondente ao valor que era descontado de seu holerite (contra cheque).<\/p>\n<p>\u00a0<\/p>\n<p>Outra demanda \u00e9 que o banco dever\u00e1 unificar a gest\u00e3o dos planos de sa\u00fade e assegurar transpar\u00eancia, fornecendo aos representantes dos trabalhadores os contratos e os estudos atuariais que subsidiam as decis\u00f5es, pois os trabalhadores tamb\u00e9m arcam com os custos e, portanto se constituem em parte interessada e leg\u00edtima. Al\u00e9m disso, os banc\u00e1rios cobram o recebimento de extratos mensais com as despesas realizadas, a exemplo do procedimento da Cabesp.<\/p>\n<p>\u00a0<\/p>\n<p>\u00a0<\/p>\n<p><strong>Programa de reabilita\u00e7\u00e3o<\/strong><\/p>\n<p>\u00a0<\/p>\n<p>Os trabalhadores com defici\u00eancia e os que retornam ao trabalho ap\u00f3s afastamento previdenci\u00e1rio, principalmente com diagn\u00f3sticos com CID \u201cF\u201d, transtornos ps\u00edquicos, encontram muitas dificuldades e barreiras quando precisam, por orienta\u00e7\u00e3o m\u00e9dica, mudar de local de trabalho ou fun\u00e7\u00e3o.<\/p>\n<p>\u00a0<\/p>\n<p>Os banc\u00e1rios reivindicam um programa de reabilita\u00e7\u00e3o, cujo objetivo \u00e9 assegurar condi\u00e7\u00f5es adequadas de reinser\u00e7\u00e3o do empregado no trabalho, ap\u00f3s encerramento de benef\u00edcio previdenci\u00e1rio, de origem ocupacional ou n\u00e3o.<\/p>\n<p>\u00a0<\/p>\n<p>\u00a0<\/p>\n<p><strong>Funcionamento das CIPAs<\/strong><\/p>\n<p>\u00a0<\/p>\n<p>Os representantes dos trabalhadores querem discutir com o Santander as garantias necess\u00e1rias para o pleno funcionamento das CIPAs instaladas no banco, bem como o respeito aos cipeiros eleitos e as decis\u00f5es tomadas nas reuni\u00f5es da CIPAs.<\/p>\n<p>\u00a0<\/p>\n<p>Garantir o pleno funcionamento da comiss\u00e3o significa avan\u00e7ar na preven\u00e7\u00e3o de acidentes e doen\u00e7as decorrentes do trabalho, buscando a preserva\u00e7\u00e3o da vida e a promo\u00e7\u00e3o da sa\u00fade do trabalhador, de modo a tornar o trabalho, direito fundamental do ser humano, em fonte de prazer e n\u00e3o doen\u00e7as.<\/p>\n<p>\u00a0<\/p>\n<p>\u00a0<\/p>\n<p><strong>Reuni\u00e3o da COE do Santander<\/strong><\/p>\n<p>\u00a0<\/p>\n<p>Antes do F\u00f3rum, no mesmo dia, a Contraf-CUT realiza, \u00e0s 10h, uma reuni\u00e3o da Comiss\u00e3o de Organiza\u00e7\u00e3o dos Empregados (COE) do Santander, na sede da entidade (Rua L\u00edbero Badar\u00f3, 158 \u2013 1\u00ba andar), no centro da capital paulista. O objetivo da reuni\u00e3o \u00e9 preparar os debates com o banco.<\/p>\n<p>\u00a0<\/p>\n<p>Fonte: Contraf-CUT<\/p>\n","protected":false},"excerpt":{"rendered":"<p>A Contraf-CUT, federa\u00e7\u00f5es e sindicatos retomam nesta quinta-feira (25), \u00e0s 14h, o F\u00f3rum de Sa\u00fade e Condi\u00e7\u00f5es de Trabalho com o Santander. A reuni\u00e3o ocorre no pr\u00e9dio do ex-Banespa, no centro de S\u00e3o Paulo. \u00a0 O F\u00f3rum est\u00e1 previsto na cl\u00e1usula 24\u00aa do Acordo Coletivo de Trabalho 2012\/2014 do Santander, aditivo \u00e0 Conven\u00e7\u00e3o Coletiva de [&hellip;]<\/p>\n","protected":false},"author":1,"featured_media":0,"comment_status":"","ping_status":"","sticky":false,"template":"","format":"standard","meta":{"footnotes":""},"categories":[3],"tags":[],"class_list":["post-1240","post","type-post","status-publish","format-standard","hentry","category-noticias"],"_links":{"self":[{"href":"https:\/\/hostnetart.com.br\/baixada\/wp-json\/wp\/v2\/posts\/1240","targetHints":{"allow":["GET"]}}],"collection":[{"href":"https:\/\/hostnetart.com.br\/baixada\/wp-json\/wp\/v2\/posts"}],"about":[{"href":"https:\/\/hostnetart.com.br\/baixada\/wp-json\/wp\/v2\/types\/post"}],"author":[{"embeddable":true,"href":"https:\/\/hostnetart.com.br\/baixada\/wp-json\/wp\/v2\/users\/1"}],"replies":[{"embeddable":true,"href":"https:\/\/hostnetart.com.br\/baixada\/wp-json\/wp\/v2\/comments?post=1240"}],"version-history":[{"count":0,"href":"https:\/\/hostnetart.com.br\/baixada\/wp-json\/wp\/v2\/posts\/1240\/revisions"}],"wp:attachment":[{"href":"https:\/\/hostnetart.com.br\/baixada\/wp-json\/wp\/v2\/media?parent=1240"}],"wp:term":[{"taxonomy":"category","embeddable":true,"href":"https:\/\/hostnetart.com.br\/baixada\/wp-json\/wp\/v2\/categories?post=1240"},{"taxonomy":"post_tag","embeddable":true,"href":"https:\/\/hostnetart.com.br\/baixada\/wp-json\/wp\/v2\/tags?post=1240"}],"curies":[{"name":"wp","href":"https:\/\/api.w.org\/{rel}","templated":true}]}}