{"id":12399,"date":"2022-04-08T19:47:13","date_gmt":"2022-04-08T22:47:13","guid":{"rendered":"https:\/\/hostnetart.com.br\/baixada\/edital-de-convocacao-para-eleicao-de-delegado-sindical-da-caixa-economica-federal-edital-de-prorrogacao\/"},"modified":"2022-04-08T19:47:13","modified_gmt":"2022-04-08T22:47:13","slug":"edital-de-convocacao-para-eleicao-de-delegado-sindical-da-caixa-economica-federal-edital-de-prorrogacao","status":"publish","type":"post","link":"https:\/\/hostnetart.com.br\/baixada\/edital-de-convocacao-para-eleicao-de-delegado-sindical-da-caixa-economica-federal-edital-de-prorrogacao\/","title":{"rendered":"EDITAL DE CONVOCA\u00c7\u00c3O PARA ELEI\u00c7\u00c3O DE DELEGADO SINDICAL DA CAIXA ECON\u00d4MICA FEDERAL &#8211; EDITAL DE PRORROGA\u00c7\u00c3O"},"content":{"rendered":"<\/p>\n","protected":false},"excerpt":{"rendered":"","protected":false},"author":1,"featured_media":12398,"comment_status":"","ping_status":"","sticky":false,"template":"","format":"standard","meta":{"footnotes":""},"categories":[7],"tags":[],"class_list":["post-12399","post","type-post","status-publish","format-standard","has-post-thumbnail","hentry","category-edital"],"_links":{"self":[{"href":"https:\/\/hostnetart.com.br\/baixada\/wp-json\/wp\/v2\/posts\/12399","targetHints":{"allow":["GET"]}}],"collection":[{"href":"https:\/\/hostnetart.com.br\/baixada\/wp-json\/wp\/v2\/posts"}],"about":[{"href":"https:\/\/hostnetart.com.br\/baixada\/wp-json\/wp\/v2\/types\/post"}],"author":[{"embeddable":true,"href":"https:\/\/hostnetart.com.br\/baixada\/wp-json\/wp\/v2\/users\/1"}],"replies":[{"embeddable":true,"href":"https:\/\/hostnetart.com.br\/baixada\/wp-json\/wp\/v2\/comments?post=12399"}],"version-history":[{"count":0,"href":"https:\/\/hostnetart.com.br\/baixada\/wp-json\/wp\/v2\/posts\/12399\/revisions"}],"wp:featuredmedia":[{"embeddable":true,"href":"https:\/\/hostnetart.com.br\/baixada\/wp-json\/wp\/v2\/media\/12398"}],"wp:attachment":[{"href":"https:\/\/hostnetart.com.br\/baixada\/wp-json\/wp\/v2\/media?parent=12399"}],"wp:term":[{"taxonomy":"category","embeddable":true,"href":"https:\/\/hostnetart.com.br\/baixada\/wp-json\/wp\/v2\/categories?post=12399"},{"taxonomy":"post_tag","embeddable":true,"href":"https:\/\/hostnetart.com.br\/baixada\/wp-json\/wp\/v2\/tags?post=12399"}],"curies":[{"name":"wp","href":"https:\/\/api.w.org\/{rel}","templated":true}]}}