{"id":12393,"date":"2022-04-08T03:04:02","date_gmt":"2022-04-08T06:04:02","guid":{"rendered":"https:\/\/hostnetart.com.br\/baixada\/plenaria-apresenta-candidatos-nas-eleicoes-da-funcef\/"},"modified":"2022-04-08T03:04:02","modified_gmt":"2022-04-08T06:04:02","slug":"plenaria-apresenta-candidatos-nas-eleicoes-da-funcef","status":"publish","type":"post","link":"https:\/\/hostnetart.com.br\/baixada\/plenaria-apresenta-candidatos-nas-eleicoes-da-funcef\/","title":{"rendered":"Plen\u00e1ria apresenta candidatos nas elei\u00e7\u00f5es da Funcef"},"content":{"rendered":"<p>A Federa\u00e7\u00e3o dos Banc\u00e1rios do Centro-Norte (Fetec-CUT\/CN) realiza nesta quinta-feira (7), \u00e0s 19h, uma plen\u00e1ria regional virtual com os candidatos apoiados pelo movimento sindical para as elei\u00e7\u00f5es da Funda\u00e7\u00e3o dos Economi\u00e1rios Federais (Funcef), o fundo de pens\u00e3o dos empregados da Caixa, que acontecem entre 22 e 25 de abril. Ser\u00e3o eleitos os diretores de Benef\u00edcios e de Administra\u00e7\u00e3o e Controladoria, dois conselheiros deliberativos, um fiscal e seus respectivos suplentes.<\/p>\n<p>\u201c\u00c9 fundamental elegermos representantes que tenham compromisso com a realiza\u00e7\u00e3o de uma gest\u00e3o respons\u00e1vel, transparente e efetivamente participativa. Por isso, estamos realizando essa plen\u00e1ria, para apresentarmos quem estamos apoiando e mostrar o motivo de nosso apoio, al\u00e9m de explicar as mudan\u00e7as que ocorreram no formato de elei\u00e7\u00e3o\u201d, disse a coordenadora da Comiss\u00e3o Executiva dos Empregados da Caixa Econ\u00f4mica Federal, Fabiana Uehara Proscholdt. \u201cCom a elei\u00e7\u00e3o destes candidatos vamos voltar a ter uma Funcef forte\u201d, completou.<\/p>\n<h3><strong>A plen\u00e1ria<\/strong><\/h3>\n<p>A plen\u00e1ria desta quinta-feira \u00e9 organizada pela Secretaria de Bancos P\u00fablicos da Fetec-CUT\/CN e ser\u00e1 realizada pela plataforma zoom. Participe pelo link\u00a0<a href=\"https:\/\/us06web.zoom.us\/j\/84905369122?pwd=emRpTk54WEZpemdNeHZtVFQrQ2JRdz09\" target=\"_blank\" rel=\"noopener noreferrer\">https:\/\/us06web.zoom.us\/j\/84905369122?pwd=emRpTk54WEZpemdNeHZtVFQrQ2JRdz09<\/a><\/p>\n<p>\u201c\u00c9 de import\u00e2ncia estrat\u00e9gica eleger para a Funcef representantes que v\u00e3o defender verdadeiramente os interesses dos associados e a solidez do nosso fundo de pens\u00e3o, para que ele possa garantir o pagamento dos benef\u00edcios na nossa aposentadoria. Por isso \u00e9 importante que todos participem da plen\u00e1ria e da campanha de nossos candidatos\u201d, disse o diretor de Bancos P\u00fablicos da Fetec-CUT\/CN, Edson Gomes.<\/p>\n<p>\u201c\u00c9 importante que todos participem para poder votar com consci\u00eancia. Por isso, contamos com a participa\u00e7\u00e3o de todos\u201d, concluiu a coordenadora da CEE.<\/p>\n<p><strong>Fonte:\u00a0Contraf-CUT, com informa\u00e7\u00f5es da Fetec-CUT\/CN<\/strong><\/p>\n","protected":false},"excerpt":{"rendered":"<p>A Federa\u00e7\u00e3o dos Banc\u00e1rios do Centro-Norte (Fetec-CUT\/CN) realiza nesta quinta-feira (7), \u00e0s 19h, uma plen\u00e1ria regional virtual com os candidatos apoiados pelo movimento sindical para as elei\u00e7\u00f5es da Funda\u00e7\u00e3o dos Economi\u00e1rios Federais (Funcef), o fundo de pens\u00e3o dos empregados da Caixa, que acontecem entre 22 e 25 de abril. Ser\u00e3o eleitos os diretores de Benef\u00edcios [&hellip;]<\/p>\n","protected":false},"author":2,"featured_media":12392,"comment_status":"","ping_status":"","sticky":false,"template":"","format":"standard","meta":{"footnotes":""},"categories":[3],"tags":[],"class_list":["post-12393","post","type-post","status-publish","format-standard","has-post-thumbnail","hentry","category-noticias"],"_links":{"self":[{"href":"https:\/\/hostnetart.com.br\/baixada\/wp-json\/wp\/v2\/posts\/12393","targetHints":{"allow":["GET"]}}],"collection":[{"href":"https:\/\/hostnetart.com.br\/baixada\/wp-json\/wp\/v2\/posts"}],"about":[{"href":"https:\/\/hostnetart.com.br\/baixada\/wp-json\/wp\/v2\/types\/post"}],"author":[{"embeddable":true,"href":"https:\/\/hostnetart.com.br\/baixada\/wp-json\/wp\/v2\/users\/2"}],"replies":[{"embeddable":true,"href":"https:\/\/hostnetart.com.br\/baixada\/wp-json\/wp\/v2\/comments?post=12393"}],"version-history":[{"count":0,"href":"https:\/\/hostnetart.com.br\/baixada\/wp-json\/wp\/v2\/posts\/12393\/revisions"}],"wp:featuredmedia":[{"embeddable":true,"href":"https:\/\/hostnetart.com.br\/baixada\/wp-json\/wp\/v2\/media\/12392"}],"wp:attachment":[{"href":"https:\/\/hostnetart.com.br\/baixada\/wp-json\/wp\/v2\/media?parent=12393"}],"wp:term":[{"taxonomy":"category","embeddable":true,"href":"https:\/\/hostnetart.com.br\/baixada\/wp-json\/wp\/v2\/categories?post=12393"},{"taxonomy":"post_tag","embeddable":true,"href":"https:\/\/hostnetart.com.br\/baixada\/wp-json\/wp\/v2\/tags?post=12393"}],"curies":[{"name":"wp","href":"https:\/\/api.w.org\/{rel}","templated":true}]}}