{"id":12387,"date":"2022-04-07T19:42:46","date_gmt":"2022-04-07T22:42:46","guid":{"rendered":"https:\/\/hostnetart.com.br\/baixada\/movimento-sindical-lanca-seminario-adoecimento-psiquico-no-trabalho-bancario\/"},"modified":"2022-04-07T19:42:46","modified_gmt":"2022-04-07T22:42:46","slug":"movimento-sindical-lanca-seminario-adoecimento-psiquico-no-trabalho-bancario","status":"publish","type":"post","link":"https:\/\/hostnetart.com.br\/baixada\/movimento-sindical-lanca-seminario-adoecimento-psiquico-no-trabalho-bancario\/","title":{"rendered":"Movimento sindical lan\u00e7a Semin\u00e1rio Adoecimento Ps\u00edquico no Trabalho Banc\u00e1rio"},"content":{"rendered":"<p>O movimento sindical banc\u00e1rio, atrav\u00e9s da Confedera\u00e7\u00e3o Nacional dos Trabalhadores do Ramo Financeiro (Contraf-CUT) escolheu o Dia Mundial da Sa\u00fade, celebrado nesta quinta-feira, 7 de abril, para lan\u00e7ar o Semin\u00e1rio Adoecimento Ps\u00edquico no Trabalho Banc\u00e1rio. O evento ser\u00e1 realizado no dia 28 de abril, data escolhida no mundo todo para lembrar dos trabalhadores e das trabalhadoras vitimados por acidentes do trabalho, por doen\u00e7as profissionais e por outras doen\u00e7as relacionadas ao trabalho.<\/p>\n<p>\u201cA data tamb\u00e9m serve para lutar por melhores condi\u00e7\u00f5es de trabalho, para que tais perdas humanas n\u00e3o voltem a acontecer e jamais sejam toleradas e \u2018naturalizadas\u2019 pela sociedade, pelos empregadores e pelos governos, como se isto fosse normal; fosse \u2018inerente\u2019 ao trabalho; fosse o \u2018pre\u00e7o do progresso\u2019, e outras fal\u00e1cias que constroem e mant\u00eam uma ideologia perversa\u201d, disse o secret\u00e1rio de Sa\u00fade da Contraf-CUT, Mauro Salles. \u201cIsto jamais poderia ser tolerado! E isto deve ser dito e repetido no 28 de abril de cada ano, e em todos os outros dias do ano, todos os anos\u201d, completou.<\/p>\n<p>Proposto pelos movimentos sociais dos EUA, a data foi escolhida em fun\u00e7\u00e3o do dia 28 de abril de 1969, quando a explos\u00e3o de uma mina em Farmington, no Estado da Virg\u00ednia, matou 78 trabalhadores. A iniciativa de criar um \u201cMemorial Day\u201d rapidamente alcan\u00e7ou os movimentos sociais e de trabalhadores de outros pa\u00edses, e, tamb\u00e9m, chegou no Brasil e tornou-se, de 2005 em diante, o \u201cDia Nacional em Mem\u00f3ria das V\u00edtimas de Acidentes e Doen\u00e7as do Trabalho\u201d, gra\u00e7as \u00e0 Lei no. 11.121\/2005.<\/p>\n<p>Portanto, as diferentes iniciativas, com pequenas varia\u00e7\u00f5es no nome, convergem na grande quest\u00e3o da Sa\u00fade e Seguran\u00e7a das Trabalhadoras e Trabalhadores, que deve ser lembrada todos os dias, e que tem o \u201c28 de abril\u201d como data emblem\u00e1tica de mem\u00f3ria, de luta e de promo\u00e7\u00e3o do Trabalho Digno, Seguro e Saud\u00e1vel.<\/p>\n<p>\u201cVamos promover o semin\u00e1rio para marcar e refletir sobre o principal problema de sa\u00fade enfrentado pelos banc\u00e1rios: o adoecimento ps\u00edquico\u201d, explicou Salles.<\/p>\n<p>Em breve, a Contraf-CUT ir\u00e1 divulgar mais informa\u00e7\u00f5es sobre o evento e como se inscrever.<\/p>\n<p><strong>Fonte: Contraf-CUT<\/strong><\/p>\n","protected":false},"excerpt":{"rendered":"<p>O movimento sindical banc\u00e1rio, atrav\u00e9s da Confedera\u00e7\u00e3o Nacional dos Trabalhadores do Ramo Financeiro (Contraf-CUT) escolheu o Dia Mundial da Sa\u00fade, celebrado nesta quinta-feira, 7 de abril, para lan\u00e7ar o Semin\u00e1rio Adoecimento Ps\u00edquico no Trabalho Banc\u00e1rio. O evento ser\u00e1 realizado no dia 28 de abril, data escolhida no mundo todo para lembrar dos trabalhadores e das [&hellip;]<\/p>\n","protected":false},"author":2,"featured_media":12386,"comment_status":"","ping_status":"","sticky":false,"template":"","format":"standard","meta":{"footnotes":""},"categories":[3],"tags":[],"class_list":["post-12387","post","type-post","status-publish","format-standard","has-post-thumbnail","hentry","category-noticias"],"_links":{"self":[{"href":"https:\/\/hostnetart.com.br\/baixada\/wp-json\/wp\/v2\/posts\/12387","targetHints":{"allow":["GET"]}}],"collection":[{"href":"https:\/\/hostnetart.com.br\/baixada\/wp-json\/wp\/v2\/posts"}],"about":[{"href":"https:\/\/hostnetart.com.br\/baixada\/wp-json\/wp\/v2\/types\/post"}],"author":[{"embeddable":true,"href":"https:\/\/hostnetart.com.br\/baixada\/wp-json\/wp\/v2\/users\/2"}],"replies":[{"embeddable":true,"href":"https:\/\/hostnetart.com.br\/baixada\/wp-json\/wp\/v2\/comments?post=12387"}],"version-history":[{"count":0,"href":"https:\/\/hostnetart.com.br\/baixada\/wp-json\/wp\/v2\/posts\/12387\/revisions"}],"wp:featuredmedia":[{"embeddable":true,"href":"https:\/\/hostnetart.com.br\/baixada\/wp-json\/wp\/v2\/media\/12386"}],"wp:attachment":[{"href":"https:\/\/hostnetart.com.br\/baixada\/wp-json\/wp\/v2\/media?parent=12387"}],"wp:term":[{"taxonomy":"category","embeddable":true,"href":"https:\/\/hostnetart.com.br\/baixada\/wp-json\/wp\/v2\/categories?post=12387"},{"taxonomy":"post_tag","embeddable":true,"href":"https:\/\/hostnetart.com.br\/baixada\/wp-json\/wp\/v2\/tags?post=12387"}],"curies":[{"name":"wp","href":"https:\/\/api.w.org\/{rel}","templated":true}]}}