{"id":12385,"date":"2022-04-07T19:28:33","date_gmt":"2022-04-07T22:28:33","guid":{"rendered":"https:\/\/hostnetart.com.br\/baixada\/trabalhadores-cobram-plr-e-auxilio-educacional-do-mercantil-do-brasil\/"},"modified":"2022-04-07T19:28:33","modified_gmt":"2022-04-07T22:28:33","slug":"trabalhadores-cobram-plr-e-auxilio-educacional-do-mercantil-do-brasil","status":"publish","type":"post","link":"https:\/\/hostnetart.com.br\/baixada\/trabalhadores-cobram-plr-e-auxilio-educacional-do-mercantil-do-brasil\/","title":{"rendered":"Trabalhadores cobram PLR e aux\u00edlio educacional do Mercantil do Brasil"},"content":{"rendered":"<p>O movimento sindical cobrou do Mercantil do Brasil, na ter\u00e7a-feira (5), um posicionamento em rela\u00e7\u00e3o ao programa pr\u00f3prio de Participa\u00e7\u00e3o nos Lucros e Resultados (PLR) e sobre o aux\u00edlio educacional de 2022.<\/p>\n<p>\u201cJ\u00e1 estamos em abril e at\u00e9 agora o banco n\u00e3o se pronunciou sobre o aux\u00edlio educacional 2022, o que \u00e9 um descaso com os funcion\u00e1rios estudantes. V\u00e1rios banc\u00e1rios est\u00e3o apreensivos com essa demora, pois as mensalidades das faculdades n\u00e3o param de chegar e os trabalhadores precisam usufruir o quanto antes do benef\u00edcio de R$ 280,00 mensais conquistado pelo movimento sindical\u201d, afirmou o coordenador da Comiss\u00e3o de Organiza\u00e7\u00e3o dos Empregados (COE), do Mercantil, Marco Aur\u00e9lio Alves.<\/p>\n<h3><strong>PLR<\/strong><\/h3>\n<p>Em rela\u00e7\u00e3o ao programa pr\u00f3prio de PLR 2022, o banco apresentou uma minuta incompleta \u00e0 representa\u00e7\u00e3o dos trabalhadores, que n\u00e3o atende aos interesses dos funcion\u00e1rios.<\/p>\n<p>\u201cA cobran\u00e7a por metas, vendas de produtos e redu\u00e7\u00e3o de despesas operacionais j\u00e1 \u00e9 uma dura realidade nas ag\u00eancias e nos departamentos do Mercantil. Por isso, exigimos que o programa pr\u00f3prio de PLR seja discutido com as entidades sindicais, para cobrarmos avan\u00e7os e garantias para todos os funcion\u00e1rios que tanto se esfor\u00e7am para o cumprimento das demandas\u201d, concluiu o diretor regional do Sindicato dos Banc\u00e1rios de Belo Horizonte e Regi\u00e3o, Vanderci Ant\u00f4nio.<\/p>\n<p><strong>Fonte:\u00a0Contraf-CUT, com informa\u00e7\u00f5es do Seeb\/BH e Regi\u00e3o<\/strong><\/p>\n","protected":false},"excerpt":{"rendered":"<p>O movimento sindical cobrou do Mercantil do Brasil, na ter\u00e7a-feira (5), um posicionamento em rela\u00e7\u00e3o ao programa pr\u00f3prio de Participa\u00e7\u00e3o nos Lucros e Resultados (PLR) e sobre o aux\u00edlio educacional de 2022. \u201cJ\u00e1 estamos em abril e at\u00e9 agora o banco n\u00e3o se pronunciou sobre o aux\u00edlio educacional 2022, o que \u00e9 um descaso com [&hellip;]<\/p>\n","protected":false},"author":2,"featured_media":12384,"comment_status":"","ping_status":"","sticky":false,"template":"","format":"standard","meta":{"footnotes":""},"categories":[3],"tags":[],"class_list":["post-12385","post","type-post","status-publish","format-standard","has-post-thumbnail","hentry","category-noticias"],"_links":{"self":[{"href":"https:\/\/hostnetart.com.br\/baixada\/wp-json\/wp\/v2\/posts\/12385","targetHints":{"allow":["GET"]}}],"collection":[{"href":"https:\/\/hostnetart.com.br\/baixada\/wp-json\/wp\/v2\/posts"}],"about":[{"href":"https:\/\/hostnetart.com.br\/baixada\/wp-json\/wp\/v2\/types\/post"}],"author":[{"embeddable":true,"href":"https:\/\/hostnetart.com.br\/baixada\/wp-json\/wp\/v2\/users\/2"}],"replies":[{"embeddable":true,"href":"https:\/\/hostnetart.com.br\/baixada\/wp-json\/wp\/v2\/comments?post=12385"}],"version-history":[{"count":0,"href":"https:\/\/hostnetart.com.br\/baixada\/wp-json\/wp\/v2\/posts\/12385\/revisions"}],"wp:featuredmedia":[{"embeddable":true,"href":"https:\/\/hostnetart.com.br\/baixada\/wp-json\/wp\/v2\/media\/12384"}],"wp:attachment":[{"href":"https:\/\/hostnetart.com.br\/baixada\/wp-json\/wp\/v2\/media?parent=12385"}],"wp:term":[{"taxonomy":"category","embeddable":true,"href":"https:\/\/hostnetart.com.br\/baixada\/wp-json\/wp\/v2\/categories?post=12385"},{"taxonomy":"post_tag","embeddable":true,"href":"https:\/\/hostnetart.com.br\/baixada\/wp-json\/wp\/v2\/tags?post=12385"}],"curies":[{"name":"wp","href":"https:\/\/api.w.org\/{rel}","templated":true}]}}