{"id":12383,"date":"2022-04-06T17:06:31","date_gmt":"2022-04-06T20:06:31","guid":{"rendered":"https:\/\/hostnetart.com.br\/baixada\/fetraf-rj-es-envia-oficio-a-febraban-solicitando-urgencia-e-antecipacao-das-vacinas-da-gripe-para-bancarios\/"},"modified":"2022-04-06T17:06:31","modified_gmt":"2022-04-06T20:06:31","slug":"fetraf-rj-es-envia-oficio-a-febraban-solicitando-urgencia-e-antecipacao-das-vacinas-da-gripe-para-bancarios","status":"publish","type":"post","link":"https:\/\/hostnetart.com.br\/baixada\/fetraf-rj-es-envia-oficio-a-febraban-solicitando-urgencia-e-antecipacao-das-vacinas-da-gripe-para-bancarios\/","title":{"rendered":"Fetraf RJ\/ES envia of\u00edcio \u00e0 Febraban solicitando urg\u00eancia e antecipa\u00e7\u00e3o das vacinas da gripe para banc\u00e1rios"},"content":{"rendered":"<p>Nesta quarta-feira, 6 de abril, a Federa\u00e7\u00e3o dos Trabalhadores do Ramo Financeiro dos Estados do Rio de Janeiro e Esp\u00edrito Santo (Fetraf RJ\/ES), da qual o Sindicato dos Banc\u00e1rios da Baixada Fluminense \u00e9 filiado, enviou of\u00edcio \u00e0 Federa\u00e7\u00e3o Brasileira de Bancos (Febraban), solicitando que seja antecipada a vacina\u00e7\u00e3o da gripe, com a maior urg\u00eancia poss\u00edvel, para a categoria banc\u00e1ria.<\/p>\n<p>O of\u00edcio \u00e9 assinado pelo Presidente da entidade, Nilton Dami\u00e3o Esperan\u00e7a, e pelo\u00a0Secret\u00e1rio Geral, Max Bezerra.<\/p>\n<p>No of\u00edcio, a Fetraf RJ\/ES destacou que a\u00a0solicita\u00e7\u00e3o de antecipa\u00e7\u00e3o da vacina\u00e7\u00e3o \u00e9 por considerar que a categoria banc\u00e1ria faz atendimento direto ao p\u00fablico, em ambiente fechado e com refrigera\u00e7\u00e3o artificial, aumentando muito o risco de contamina\u00e7\u00e3o tanto dos trabalhadores, quanto dos usu\u00e1rios do servi\u00e7o banc\u00e1rio.<\/p>\n<p>Para Nilton Dami\u00e3o, a &#8220;preocupa\u00e7\u00e3o \u00e9 com a nova variante H3N2 que, no in\u00edcio deste ano, provocou um surto no Estado do Rio de Janeiro, cujo \u00f3rg\u00e3o respons\u00e1vel pela fabrica\u00e7\u00e3o das vacinas, em nosso pa\u00eds, j\u00e1 incluiu na dose de cobertura deste ano.&#8221;<\/p>\n<p><strong>Fonte: Fetraf RJ\/ES<\/strong><\/p>\n","protected":false},"excerpt":{"rendered":"<p>Nesta quarta-feira, 6 de abril, a Federa\u00e7\u00e3o dos Trabalhadores do Ramo Financeiro dos Estados do Rio de Janeiro e Esp\u00edrito Santo (Fetraf RJ\/ES), da qual o Sindicato dos Banc\u00e1rios da Baixada Fluminense \u00e9 filiado, enviou of\u00edcio \u00e0 Federa\u00e7\u00e3o Brasileira de Bancos (Febraban), solicitando que seja antecipada a vacina\u00e7\u00e3o da gripe, com a maior urg\u00eancia poss\u00edvel, [&hellip;]<\/p>\n","protected":false},"author":2,"featured_media":12382,"comment_status":"","ping_status":"","sticky":false,"template":"","format":"standard","meta":{"footnotes":""},"categories":[3],"tags":[],"class_list":["post-12383","post","type-post","status-publish","format-standard","has-post-thumbnail","hentry","category-noticias"],"_links":{"self":[{"href":"https:\/\/hostnetart.com.br\/baixada\/wp-json\/wp\/v2\/posts\/12383","targetHints":{"allow":["GET"]}}],"collection":[{"href":"https:\/\/hostnetart.com.br\/baixada\/wp-json\/wp\/v2\/posts"}],"about":[{"href":"https:\/\/hostnetart.com.br\/baixada\/wp-json\/wp\/v2\/types\/post"}],"author":[{"embeddable":true,"href":"https:\/\/hostnetart.com.br\/baixada\/wp-json\/wp\/v2\/users\/2"}],"replies":[{"embeddable":true,"href":"https:\/\/hostnetart.com.br\/baixada\/wp-json\/wp\/v2\/comments?post=12383"}],"version-history":[{"count":0,"href":"https:\/\/hostnetart.com.br\/baixada\/wp-json\/wp\/v2\/posts\/12383\/revisions"}],"wp:featuredmedia":[{"embeddable":true,"href":"https:\/\/hostnetart.com.br\/baixada\/wp-json\/wp\/v2\/media\/12382"}],"wp:attachment":[{"href":"https:\/\/hostnetart.com.br\/baixada\/wp-json\/wp\/v2\/media?parent=12383"}],"wp:term":[{"taxonomy":"category","embeddable":true,"href":"https:\/\/hostnetart.com.br\/baixada\/wp-json\/wp\/v2\/categories?post=12383"},{"taxonomy":"post_tag","embeddable":true,"href":"https:\/\/hostnetart.com.br\/baixada\/wp-json\/wp\/v2\/tags?post=12383"}],"curies":[{"name":"wp","href":"https:\/\/api.w.org\/{rel}","templated":true}]}}