{"id":12379,"date":"2022-04-06T16:10:26","date_gmt":"2022-04-06T19:10:26","guid":{"rendered":"https:\/\/hostnetart.com.br\/baixada\/movimento-sindical-cobra-fim-do-horario-estendido-pelo-santander\/"},"modified":"2022-04-06T16:10:26","modified_gmt":"2022-04-06T19:10:26","slug":"movimento-sindical-cobra-fim-do-horario-estendido-pelo-santander","status":"publish","type":"post","link":"https:\/\/hostnetart.com.br\/baixada\/movimento-sindical-cobra-fim-do-horario-estendido-pelo-santander\/","title":{"rendered":"Movimento sindical cobra fim do hor\u00e1rio estendido pelo Santander"},"content":{"rendered":"<p>O movimento sindical banc\u00e1rio cobrou do Banco Santander o fim do hor\u00e1rio estendido para atendimento de clientes com doen\u00e7as que podem ser agravadas pelo v\u00edrus causador da covid-19. A dire\u00e7\u00e3o do banco convocou os funcion\u00e1rios do grupo de risco para a covid-19 para voltarem ao trabalho presencial desde segunda-feira (4). Mas, manteve o hor\u00e1rio estendido nas ag\u00eancias para atendimento aos clientes do grupo de risco.<\/p>\n<p>O hor\u00e1rio regular \u00e9 das 10h \u00e0s 16h, ou das 10h \u00e0s 15h nos munic\u00edpios que assim determinaram, conforme legisla\u00e7\u00e3o local. Durante a pandemia, o Santander, junto como os demais bancos, implementou hor\u00e1rio de atendimento preferencial das 9h \u00e0s 10h nas ag\u00eancias para idosos e pessoas do grupo de risco para o coronav\u00edrus.<\/p>\n<p>\u201cO cen\u00e1rio atual leva a crer que, para o Santander, a seguran\u00e7a e a preven\u00e7\u00e3o contra o coronav\u00edrus dentro das ag\u00eancias para os funcion\u00e1rios, independentemente de comorbidades ou demais fatores que agravam uma infec\u00e7\u00e3o, \u00e9 menos importante do que para os clientes, j\u00e1 que os banc\u00e1rios do grupo de risco foram convocados para o retorno presencial, mas as ag\u00eancias continuam com hor\u00e1rio estendido para clientes do grupo de risco para a covid-19\u201d, disse a coordenadora da Comiss\u00e3o de Organiza\u00e7\u00e3o dos Empregados (COE) do Santander, Lucimara Malaquias.<\/p>\n<p>A dire\u00e7\u00e3o do Santander respondeu que este tema est\u00e1 em discuss\u00e3o internamente, e se comprometeu a dar retorno ao movimento sindical at\u00e9 o fim desta semana.<\/p>\n<p>\u201cDa forma como est\u00e1, o banco tem usado a pandemia como pretexto para aumentar a carga de trabalho nas situa\u00e7\u00f5es que lhe conv\u00e9m, porque essa uma hora a mais de atendimento significa sobrecarga de trabalho para os banc\u00e1rios. E ainda h\u00e1 den\u00fancias de banc\u00e1rios de diversos locais de trabalho onde clientes que n\u00e3o s\u00e3o do grupo de risco chegam entre 9h e 10h, e acabam atendidos porque nenhum banc\u00e1rio ousaria recusar atendimento\u201d, afirma Lucimara.<\/p>\n<p><strong>Fonte: Contraf-CUT<\/strong><\/p>\n","protected":false},"excerpt":{"rendered":"<p>O movimento sindical banc\u00e1rio cobrou do Banco Santander o fim do hor\u00e1rio estendido para atendimento de clientes com doen\u00e7as que podem ser agravadas pelo v\u00edrus causador da covid-19. A dire\u00e7\u00e3o do banco convocou os funcion\u00e1rios do grupo de risco para a covid-19 para voltarem ao trabalho presencial desde segunda-feira (4). Mas, manteve o hor\u00e1rio estendido [&hellip;]<\/p>\n","protected":false},"author":2,"featured_media":12378,"comment_status":"","ping_status":"","sticky":false,"template":"","format":"standard","meta":{"footnotes":""},"categories":[3],"tags":[],"class_list":["post-12379","post","type-post","status-publish","format-standard","has-post-thumbnail","hentry","category-noticias"],"_links":{"self":[{"href":"https:\/\/hostnetart.com.br\/baixada\/wp-json\/wp\/v2\/posts\/12379","targetHints":{"allow":["GET"]}}],"collection":[{"href":"https:\/\/hostnetart.com.br\/baixada\/wp-json\/wp\/v2\/posts"}],"about":[{"href":"https:\/\/hostnetart.com.br\/baixada\/wp-json\/wp\/v2\/types\/post"}],"author":[{"embeddable":true,"href":"https:\/\/hostnetart.com.br\/baixada\/wp-json\/wp\/v2\/users\/2"}],"replies":[{"embeddable":true,"href":"https:\/\/hostnetart.com.br\/baixada\/wp-json\/wp\/v2\/comments?post=12379"}],"version-history":[{"count":0,"href":"https:\/\/hostnetart.com.br\/baixada\/wp-json\/wp\/v2\/posts\/12379\/revisions"}],"wp:featuredmedia":[{"embeddable":true,"href":"https:\/\/hostnetart.com.br\/baixada\/wp-json\/wp\/v2\/media\/12378"}],"wp:attachment":[{"href":"https:\/\/hostnetart.com.br\/baixada\/wp-json\/wp\/v2\/media?parent=12379"}],"wp:term":[{"taxonomy":"category","embeddable":true,"href":"https:\/\/hostnetart.com.br\/baixada\/wp-json\/wp\/v2\/categories?post=12379"},{"taxonomy":"post_tag","embeddable":true,"href":"https:\/\/hostnetart.com.br\/baixada\/wp-json\/wp\/v2\/tags?post=12379"}],"curies":[{"name":"wp","href":"https:\/\/api.w.org\/{rel}","templated":true}]}}