{"id":12377,"date":"2022-04-06T14:15:48","date_gmt":"2022-04-06T17:15:48","guid":{"rendered":"https:\/\/hostnetart.com.br\/baixada\/funcionaria-do-itau-e-reintegrada-pelo-sindicato-dos-bancarios-da-baixada-fluminense-2\/"},"modified":"2022-04-06T14:15:48","modified_gmt":"2022-04-06T17:15:48","slug":"funcionaria-do-itau-e-reintegrada-pelo-sindicato-dos-bancarios-da-baixada-fluminense-2","status":"publish","type":"post","link":"https:\/\/hostnetart.com.br\/baixada\/funcionaria-do-itau-e-reintegrada-pelo-sindicato-dos-bancarios-da-baixada-fluminense-2\/","title":{"rendered":"Funcion\u00e1ria do Ita\u00fa \u00e9 reintegrada pelo Sindicato dos Banc\u00e1rios da Baixada Fluminense"},"content":{"rendered":"<p>O Sindicato dos Banc\u00e1rios da Baixada Fluminense reintegrou mais uma funcion\u00e1ria do Banco Ita\u00fa.<\/p>\n<p>Manoela Gon\u00e7alves Pontes, funcion\u00e1ria do banco por 18 anos, foi desligada em plena pandemia do novo coronav\u00edrus, contrariando o compromisso de n\u00e3o demiss\u00e3o que os grandes bancos assumiram.\u00a0Al\u00e9m disso, a banc\u00e1ria tamb\u00e9m estava acometida com doen\u00e7a ocupacional.<\/p>\n<p>A\u00a0decis\u00e3o judicial observou que, embora n\u00e3o tenha obtido benef\u00edcio previdenci\u00e1rio, a trabalhadora realizou exames m\u00e9dicos antes da dispensa sem justa causa, comprovando que a banc\u00e1ria\u00a0j\u00e1 estava doente no momento da dispensa.<\/p>\n<p>Por isso, \u00e9 fundamental que os banc\u00e1rios e banc\u00e1rias mantenham seus exames peri\u00f3dicos em dia.<\/p>\n<p>Ap\u00f3s a decis\u00e3o pela reintegra\u00e7\u00e3o, Manoela foi ao Sindicato para buscar orienta\u00e7\u00f5es e como proceder em sua volta, com o advogado da entidade, Dr. Luiz Paulo.<\/p>\n<p><span style=\"text-decoration: underline;\">IMPORTANTE<\/span><\/p>\n<p>Manoela \u00e9 sindicalizada e, logo ap\u00f3s seu desligamento, procurou atendimento no Sindicato dos Banc\u00e1rios da Baixada Fluminense, onde foi prontamente atendida pelos Departamentos Jur\u00eddico e de Sa\u00fade.<\/p>\n<p>\u00c9 fundamental que banc\u00e1rias e banc\u00e1rios, logo que sejam informados de suas demiss\u00f5es, procurem imediatamente atendimento no Sindicato.<\/p>\n<p><strong>SINDICALIZE-SE<\/strong><\/p>\n","protected":false},"excerpt":{"rendered":"<p>O Sindicato dos Banc\u00e1rios da Baixada Fluminense reintegrou mais uma funcion\u00e1ria do Banco Ita\u00fa. Manoela Gon\u00e7alves Pontes, funcion\u00e1ria do banco por 18 anos, foi desligada em plena pandemia do novo coronav\u00edrus, contrariando o compromisso de n\u00e3o demiss\u00e3o que os grandes bancos assumiram.\u00a0Al\u00e9m disso, a banc\u00e1ria tamb\u00e9m estava acometida com doen\u00e7a ocupacional. A\u00a0decis\u00e3o judicial observou que, [&hellip;]<\/p>\n","protected":false},"author":2,"featured_media":12376,"comment_status":"","ping_status":"","sticky":false,"template":"","format":"standard","meta":{"footnotes":""},"categories":[3],"tags":[],"class_list":["post-12377","post","type-post","status-publish","format-standard","has-post-thumbnail","hentry","category-noticias"],"_links":{"self":[{"href":"https:\/\/hostnetart.com.br\/baixada\/wp-json\/wp\/v2\/posts\/12377","targetHints":{"allow":["GET"]}}],"collection":[{"href":"https:\/\/hostnetart.com.br\/baixada\/wp-json\/wp\/v2\/posts"}],"about":[{"href":"https:\/\/hostnetart.com.br\/baixada\/wp-json\/wp\/v2\/types\/post"}],"author":[{"embeddable":true,"href":"https:\/\/hostnetart.com.br\/baixada\/wp-json\/wp\/v2\/users\/2"}],"replies":[{"embeddable":true,"href":"https:\/\/hostnetart.com.br\/baixada\/wp-json\/wp\/v2\/comments?post=12377"}],"version-history":[{"count":0,"href":"https:\/\/hostnetart.com.br\/baixada\/wp-json\/wp\/v2\/posts\/12377\/revisions"}],"wp:featuredmedia":[{"embeddable":true,"href":"https:\/\/hostnetart.com.br\/baixada\/wp-json\/wp\/v2\/media\/12376"}],"wp:attachment":[{"href":"https:\/\/hostnetart.com.br\/baixada\/wp-json\/wp\/v2\/media?parent=12377"}],"wp:term":[{"taxonomy":"category","embeddable":true,"href":"https:\/\/hostnetart.com.br\/baixada\/wp-json\/wp\/v2\/categories?post=12377"},{"taxonomy":"post_tag","embeddable":true,"href":"https:\/\/hostnetart.com.br\/baixada\/wp-json\/wp\/v2\/tags?post=12377"}],"curies":[{"name":"wp","href":"https:\/\/api.w.org\/{rel}","templated":true}]}}