{"id":12373,"date":"2022-04-05T19:49:57","date_gmt":"2022-04-05T22:49:57","guid":{"rendered":"https:\/\/hostnetart.com.br\/baixada\/movimento-sindical-apoia-a-chapa-3-nas-eleicoes-da-previ\/"},"modified":"2022-04-05T19:49:57","modified_gmt":"2022-04-05T22:49:57","slug":"movimento-sindical-apoia-a-chapa-3-nas-eleicoes-da-previ","status":"publish","type":"post","link":"https:\/\/hostnetart.com.br\/baixada\/movimento-sindical-apoia-a-chapa-3-nas-eleicoes-da-previ\/","title":{"rendered":"Movimento sindical apoia a Chapa 3 nas elei\u00e7\u00f5es da Previ"},"content":{"rendered":"<p>Entre os dias 18 e 29 de abril, os funcion\u00e1rios do Banco do Brasil, da ativa e aposentados, ter\u00e3o a oportunidade de participar das Elei\u00e7\u00f5es Previ 2022. A Confedera\u00e7\u00e3o Nacional dos Trabalhadores do Ramo Financeiro (Contraf-CUT) e a\u00a0Federa\u00e7\u00e3o dos Trabalhadores do Ramo Financeiro dos Estados do Rio de Janeiro e Esp\u00edrito Santo (Fetraf RJ\/ES), confedera\u00e7\u00e3o e federa\u00e7\u00e3o que o Sindicato dos Banc\u00e1rios da Baixada Fluminense \u00e9 filiado, juntamente com entidades sindicais, associativas e de aposentados, manifesta apoio \u00e0 Chapa 3 \u2013 Previ para os Associados.<\/p>\n<p>\u201cA Chapa 3 tem esse apoio porque foi formulada garantindo ampla representatividade das associadas e dos associados da Previ. S\u00e3o funcion\u00e1rios do BB, sete associados do Plano 1 e sete do Previ Futuro, uma parte deles com experi\u00eancia na gest\u00e3o da Previ e outra parte de novos candidatos. Todos, por\u00e9m, com hist\u00f3rico de luta na defesa dos direitos dos trabalhadores do BB\u201d, pontua o coordenador da Comiss\u00e3o de Empresa dos Funcion\u00e1rios do Banco do Brasil (CEBB), Jo\u00e3o Fukunaga.<\/p>\n<p>No material de campanha, a Chapa 3 destaca como objetivo \u201ccontinuar construindo\u201d a hist\u00f3ria de sucesso da Previ, \u201crecha\u00e7ando todas as amea\u00e7as\u201d ao patrim\u00f4nio dos participantes. \u201cA gest\u00e3o parit\u00e1ria entre associados e patrocinador \u00e9 das mais avan\u00e7adas e democr\u00e1ticas\u201d, pontua.<\/p>\n<p>A Previ mant\u00e9m uma posi\u00e7\u00e3o de destaque entre os fundos de pens\u00e3o do pa\u00eds, gerenciando o patrim\u00f4nio de cerca de 200 mil associados, funcion\u00e1rios do BB ativos e aposentados, al\u00e9m de pensionistas. Tanto recurso chama a aten\u00e7\u00e3o de entidades privadas do mercado, que tentam quebrar a exclusividade dos fundos fechados por meio de manobras pol\u00edticas, como alertado no artigo\u00a0<a href=\"https:\/\/contrafcut.com.br\/noticias\/mais-uma-ameaca-a-previ-e-a-outros-fundos-de-pensao\/\" target=\"_blank\" rel=\"noopener noreferrer\">\u201cMais uma amea\u00e7a \u00e0 Previ e a outros fundos de pens\u00e3o\u201d<\/a>.<\/p>\n<p><a href=\"https:\/\/previparaosassociados3.com.br\/\" target=\"_blank\" rel=\"noopener noreferrer\">Clique aqui<\/a>\u00a0para acessar o site de campanha da Chapa 3 \u2013 Previ para os Associados e conhe\u00e7a seus candidatos e suas propostas.<\/p>\n<p><strong>Fonte: Contraf-CUT<\/strong><\/p>\n","protected":false},"excerpt":{"rendered":"<p>Entre os dias 18 e 29 de abril, os funcion\u00e1rios do Banco do Brasil, da ativa e aposentados, ter\u00e3o a oportunidade de participar das Elei\u00e7\u00f5es Previ 2022. A Confedera\u00e7\u00e3o Nacional dos Trabalhadores do Ramo Financeiro (Contraf-CUT) e a\u00a0Federa\u00e7\u00e3o dos Trabalhadores do Ramo Financeiro dos Estados do Rio de Janeiro e Esp\u00edrito Santo (Fetraf RJ\/ES), confedera\u00e7\u00e3o [&hellip;]<\/p>\n","protected":false},"author":2,"featured_media":12372,"comment_status":"","ping_status":"","sticky":false,"template":"","format":"standard","meta":{"footnotes":""},"categories":[3],"tags":[],"class_list":["post-12373","post","type-post","status-publish","format-standard","has-post-thumbnail","hentry","category-noticias"],"_links":{"self":[{"href":"https:\/\/hostnetart.com.br\/baixada\/wp-json\/wp\/v2\/posts\/12373","targetHints":{"allow":["GET"]}}],"collection":[{"href":"https:\/\/hostnetart.com.br\/baixada\/wp-json\/wp\/v2\/posts"}],"about":[{"href":"https:\/\/hostnetart.com.br\/baixada\/wp-json\/wp\/v2\/types\/post"}],"author":[{"embeddable":true,"href":"https:\/\/hostnetart.com.br\/baixada\/wp-json\/wp\/v2\/users\/2"}],"replies":[{"embeddable":true,"href":"https:\/\/hostnetart.com.br\/baixada\/wp-json\/wp\/v2\/comments?post=12373"}],"version-history":[{"count":0,"href":"https:\/\/hostnetart.com.br\/baixada\/wp-json\/wp\/v2\/posts\/12373\/revisions"}],"wp:featuredmedia":[{"embeddable":true,"href":"https:\/\/hostnetart.com.br\/baixada\/wp-json\/wp\/v2\/media\/12372"}],"wp:attachment":[{"href":"https:\/\/hostnetart.com.br\/baixada\/wp-json\/wp\/v2\/media?parent=12373"}],"wp:term":[{"taxonomy":"category","embeddable":true,"href":"https:\/\/hostnetart.com.br\/baixada\/wp-json\/wp\/v2\/categories?post=12373"},{"taxonomy":"post_tag","embeddable":true,"href":"https:\/\/hostnetart.com.br\/baixada\/wp-json\/wp\/v2\/tags?post=12373"}],"curies":[{"name":"wp","href":"https:\/\/api.w.org\/{rel}","templated":true}]}}