{"id":12367,"date":"2022-04-04T13:09:25","date_gmt":"2022-04-04T16:09:25","guid":{"rendered":"https:\/\/hostnetart.com.br\/baixada\/6-congresso-da-contraf-cut-aprova-plano-de-lutas-e-elege-nova-diretoria\/"},"modified":"2022-04-04T13:09:25","modified_gmt":"2022-04-04T16:09:25","slug":"6-congresso-da-contraf-cut-aprova-plano-de-lutas-e-elege-nova-diretoria","status":"publish","type":"post","link":"https:\/\/hostnetart.com.br\/baixada\/6-congresso-da-contraf-cut-aprova-plano-de-lutas-e-elege-nova-diretoria\/","title":{"rendered":"6\u00ba Congresso da Contraf-CUT aprova plano de lutas e elege nova diretoria"},"content":{"rendered":"<p>No \u00faltimo domingo, 3 de abril, o 6\u00ba Congresso da Confedera\u00e7\u00e3o Nacional dos Trabalhadores do Ramo Financeiro (Contraf-CUT) aprovou as altera\u00e7\u00f5es estatut\u00e1rias, elegeu a nova dire\u00e7\u00e3o da entidade e definiu as diretrizes para o plano de lutas da pr\u00f3xima gest\u00e3o.<\/p>\n<p><strong>Roberto Domingos, diretor do Sindicato dos Banc\u00e1rios da Baixada Fluminense, foi eleito para o Conselho Diretivo.\u00a0<\/strong>Renata Soeiro, Coordenadora Geral eleita do Sindicato, tamb\u00e9m participou do Congresso.\u00a0<\/p>\n<p>A Confedera\u00e7\u00e3o Nacional dos Trabalhadores do Ramo Financeiro da CUT (Contraf-CUT) \u00e9 a entidade que tem como objetivo\u00a0atender a uma demanda das diversas categorias envolvidas em atividades do sistema financeiro. Muitas delas permanecem \u00e0 margem da Conven\u00e7\u00e3o Coletiva Nacional dos Banc\u00e1rios. Ela representa os trabalhadores banc\u00e1rios no debate e nas negocia\u00e7\u00f5es sindicais, todos os trabalhadores que fazem parte do processo de intermedia\u00e7\u00e3o financeira com o intuito de equiparar seus direitos e ampliar suas conquistas.<\/p>\n<p>&#8220;Agrade\u00e7o a todas e todos os meu companheiros do Sindicato, pela confian\u00e7a em representar a nossa categoria junto a Contraf-CUT. Acrescento que, nestes tr\u00eas dias de congresso, foram debatidos temas importantes para a categoria e para o nosso pa\u00eds . O tema &#8220;Reconstruir o Brasil que a gente quer&#8221;, reflete muito o que penso para o nosso pa\u00eds e tamb\u00e9m para nossa categoria. Um Brasil com mais emprego, sem fome, com direitos, com equidade, com responsabilidade e com gentileza para com o pr\u00f3ximo. Representarei a nossa categoria com toda a dedica\u00e7\u00e3o que sempre tive, com esperan\u00e7a em mudan\u00e7as e com luta para que a o trabalhador tenha o principal, que \u00e9 a sua DIGNIDADE de volta. Estou certo de que n\u00e3o faltar\u00e1 empenho e trabalho nessa nova jornada. Encaro essa responsabilidade com a certeza de que JUNTOS lograremos \u00eaxito e faremos um Brasil melhor para n\u00f3s e nossos filhos&#8221;, declarou Roberto Domingos.<\/p>\n<p>Renata Soeiro, Coordenadora Geral eleita do Sindicato dos Sindicatos dos Banc\u00e1rios da Baixada Fluminense, falou da import\u00e2ncia da equidade e igualdade na diretoria eleita: &#8220;Fiquei orgulhosa pelo n\u00famero de 43% de mulheres representadas na Executiva da Contraf-CUT. E tamb\u00e9m parabenizou a elei\u00e7\u00e3o do companheiro de trabalho. &#8220;Estou feliz porque, pela primeira vez, nosso Sindicato ter\u00e1 um representante no Conselho Diretivo da Contraf\/CUT, Roberto Domingos.&#8221;<\/p>\n<h3><strong>Comit\u00eas de luta<\/strong><\/h3>\n<p>Uma das a\u00e7\u00f5es aprovadas foi a cria\u00e7\u00e3o de comit\u00eas de organiza\u00e7\u00e3o e luta de banc\u00e1rios em todo o Brasil, com brigadistas que ajudem a difundir as informa\u00e7\u00f5es para as bases e as propostas de interesses dos trabalhadores, como a defesa dos bancos p\u00fablicos e a defesa do sistema financeiro com fun\u00e7\u00f5es de desenvolvimento econ\u00f4mico e social do pa\u00eds. Eles tamb\u00e9m ser\u00e3o respons\u00e1veis por reverberar as lutas espec\u00edficas da categoria, como o aumento real, o combate \u00e0s metas abusivas, o fortalecimento da mesa \u00fanica de negocia\u00e7\u00f5es e a regula\u00e7\u00e3o do teletrabalho, entre outros.<\/p>\n<h3><strong>Campanha Nacional<\/strong><\/h3>\n<p>Neste ano ser\u00e3o realizadas mesas de negocia\u00e7\u00f5es para a renova\u00e7\u00e3o das Conven\u00e7\u00f5es Coletivas de Trabalho (CCTs), tanto dos banc\u00e1rios quanto dos financi\u00e1rios. As CCTs em vig\u00eancia perdem a validade neste ano, uma vez que nas \u00faltimas negocia\u00e7\u00f5es, ocorridas em 2020, elas foram aprovadas com validade de dois anos.<\/p>\n<h3><strong>Mo\u00e7\u00f5es<\/strong><\/h3>\n<p>A plen\u00e1ria do 6\u00ba Congresso da Contraf-CUT tamb\u00e9m aprovou tr\u00eas mo\u00e7\u00f5es: Uma em defesa dos bancos p\u00fablicos, uma em defesa da Petrobras e uma pela paz mundial.<\/p>\n<h3><strong>Nova diretoria<\/strong><\/h3>\n<p>As delegadas e delegados tamb\u00e9m elegeram a nova diretoria da Contraf-CUT, que assume a gest\u00e3o da entidade pelos pr\u00f3ximos quatro anos.<\/p>\n<p><a href=\"https:\/\/contrafcut.com.br\/nova-direcao\/\" target=\"_blank\" rel=\"noopener noreferrer\">Clique aqui<\/a>\u00a0e veja a composi\u00e7\u00e3o da nova diretoria.<\/p>\n<p><img fetchpriority=\"high\" decoding=\"async\" class=\" size-full wp-image-12366\" src=\"https:\/\/hostnetart.com.br\/baixada\/wp-content\/uploads\/2022\/04\/6_congresso_contraf_roberto.jpg\" width=\"1600\" height=\"1200\" srcset=\"https:\/\/hostnetart.com.br\/baixada\/wp-content\/uploads\/2022\/04\/6_congresso_contraf_roberto.jpg 1600w, https:\/\/hostnetart.com.br\/baixada\/wp-content\/uploads\/2022\/04\/6_congresso_contraf_roberto-600x450.jpg 600w, https:\/\/hostnetart.com.br\/baixada\/wp-content\/uploads\/2022\/04\/6_congresso_contraf_roberto-1024x768.jpg 1024w, https:\/\/hostnetart.com.br\/baixada\/wp-content\/uploads\/2022\/04\/6_congresso_contraf_roberto-768x576.jpg 768w, https:\/\/hostnetart.com.br\/baixada\/wp-content\/uploads\/2022\/04\/6_congresso_contraf_roberto-1536x1152.jpg 1536w\" sizes=\"(max-width: 1600px) 100vw, 1600px\" \/><\/p>\n<p><em>*Com informa\u00e7\u00f5es da Contraf-CUT<\/em><\/p>\n<p>\u00a0<\/p>\n","protected":false},"excerpt":{"rendered":"<p>No \u00faltimo domingo, 3 de abril, o 6\u00ba Congresso da Confedera\u00e7\u00e3o Nacional dos Trabalhadores do Ramo Financeiro (Contraf-CUT) aprovou as altera\u00e7\u00f5es estatut\u00e1rias, elegeu a nova dire\u00e7\u00e3o da entidade e definiu as diretrizes para o plano de lutas da pr\u00f3xima gest\u00e3o. Roberto Domingos, diretor do Sindicato dos Banc\u00e1rios da Baixada Fluminense, foi eleito para o Conselho [&hellip;]<\/p>\n","protected":false},"author":2,"featured_media":12365,"comment_status":"","ping_status":"","sticky":false,"template":"","format":"standard","meta":{"footnotes":""},"categories":[3],"tags":[],"class_list":["post-12367","post","type-post","status-publish","format-standard","has-post-thumbnail","hentry","category-noticias"],"_links":{"self":[{"href":"https:\/\/hostnetart.com.br\/baixada\/wp-json\/wp\/v2\/posts\/12367","targetHints":{"allow":["GET"]}}],"collection":[{"href":"https:\/\/hostnetart.com.br\/baixada\/wp-json\/wp\/v2\/posts"}],"about":[{"href":"https:\/\/hostnetart.com.br\/baixada\/wp-json\/wp\/v2\/types\/post"}],"author":[{"embeddable":true,"href":"https:\/\/hostnetart.com.br\/baixada\/wp-json\/wp\/v2\/users\/2"}],"replies":[{"embeddable":true,"href":"https:\/\/hostnetart.com.br\/baixada\/wp-json\/wp\/v2\/comments?post=12367"}],"version-history":[{"count":0,"href":"https:\/\/hostnetart.com.br\/baixada\/wp-json\/wp\/v2\/posts\/12367\/revisions"}],"wp:featuredmedia":[{"embeddable":true,"href":"https:\/\/hostnetart.com.br\/baixada\/wp-json\/wp\/v2\/media\/12365"}],"wp:attachment":[{"href":"https:\/\/hostnetart.com.br\/baixada\/wp-json\/wp\/v2\/media?parent=12367"}],"wp:term":[{"taxonomy":"category","embeddable":true,"href":"https:\/\/hostnetart.com.br\/baixada\/wp-json\/wp\/v2\/categories?post=12367"},{"taxonomy":"post_tag","embeddable":true,"href":"https:\/\/hostnetart.com.br\/baixada\/wp-json\/wp\/v2\/tags?post=12367"}],"curies":[{"name":"wp","href":"https:\/\/api.w.org\/{rel}","templated":true}]}}