{"id":12364,"date":"2022-04-01T19:02:25","date_gmt":"2022-04-01T22:02:25","guid":{"rendered":"https:\/\/hostnetart.com.br\/baixada\/pais-tem-12-milhoes-de-desempregados-38-milhoes-na-informalidade-e-menor-renda-em-10-anos\/"},"modified":"2022-04-01T19:02:25","modified_gmt":"2022-04-01T22:02:25","slug":"pais-tem-12-milhoes-de-desempregados-38-milhoes-na-informalidade-e-menor-renda-em-10-anos","status":"publish","type":"post","link":"https:\/\/hostnetart.com.br\/baixada\/pais-tem-12-milhoes-de-desempregados-38-milhoes-na-informalidade-e-menor-renda-em-10-anos\/","title":{"rendered":"Pa\u00eds tem 12 milh\u00f5es de desempregados, 38 milh\u00f5es na informalidade, e menor renda em 10 anos"},"content":{"rendered":"<p>A taxa de desemprego no Brasil ficou em 11,2%, no trimestre dezembro-janeiro-fevereiro, segundo o Instituto Brasileiro de Geografia e Estat\u00edstica (IBGE). O estudo divulgado nesta quinta-feira (31) mostra que a falta de trabalho ainda atinge 12 milh\u00f5es de brasileiros. A pesquisa revela ainda que o emprego sem carteira assinada foi o que mais cresceu em um ano, 18,5%. E tamb\u00e9m que a taxa de informalidade atinge 4 em cada 10 brasileiros ocupados. Al\u00e9m disso, a predomin\u00e2ncia de ocupa\u00e7\u00f5es prec\u00e1rias leva a uma queda hist\u00f3rica no rendimento m\u00e9dio dos brasileiros. A renda m\u00e9dia entre dezembro e fevereiro caiu 8,8% em um ano e, desse modo, \u00e9 a menor para o per\u00edodo nos \u00faltimos 10 anos.<\/p>\n<h3 class=\"has-background\"><a href=\"https:\/\/www.redebrasilatual.com.br\/economia\/2022\/03\/alimentos-gas-gasolina-remedios-inflacao-alta-maior-taxa-marco-2015\/\" target=\"_blank\" rel=\"noopener noreferrer\">Alimentos, g\u00e1s, gasolina, rem\u00e9dios: infla\u00e7\u00e3o mant\u00e9m seu ritmo de alta e tem maior taxa para mar\u00e7o desde 2015<\/a><\/h3>\n<p>A taxa de desemprego \u2013 est\u00e1vel, em patamar elevado \u2013 \u00e9 quase o dobro da m\u00ednima hist\u00f3rica, registrada em 2014, quando chegou a 6,5%. O n\u00famero de empregados com carteira de trabalho assinada no setor privado est\u00e1 em 34,6 milh\u00f5es de pessoas. J\u00e1 a taxa de informalidade, de 40,2%, significa que o pa\u00eds ainda tem 38,3 milh\u00f5es de trabalhadores nessa condi\u00e7\u00e3o. Ou seja, o trabalho informal supera o emprego formal em 3,7 milh\u00f5es de pessoas.<\/p>\n<p>A\u00a0taxa de subutiliza\u00e7\u00e3o\u00a0(23,5%) caiu 5,7 pontos percentuais na compara\u00e7\u00e3o com fevereiro de 2021 (29,2%). Por\u00e9m, a\u00a0popula\u00e7\u00e3o subutilizada\u00a0ainda \u00e9 de 27,3 milh\u00f5es de pessoas. Enquanto a\u00a0popula\u00e7\u00e3o subocupada por insufici\u00eancia de horas trabalhadas\u00a0\u00e9 de 6,6 milh\u00f5es de pessoas (redu\u00e7\u00e3o de 4,2% em um ano). O desalento por sua vez, atinge 4,7 milh\u00f5es de pessoas que precisam procurar trabalho, mas n\u00e3o conseguem por falta de condi\u00e7\u00f5es.<\/p>\n<h2><span style=\"text-decoration: underline;\">Desemprego e renda<\/span><\/h2>\n<p>O rendimento m\u00e9dio real foi estimado em R$ 2.511, o que segundo o IBGE representou estabilidade frente ao trimestre anterior (R$ 2.504). Embora tenha parado de encolher, \u00e9 a menor renda m\u00e9dia do trabalho j\u00e1 registrada em um trimestre encerrado em fevereiro desde o in\u00edcio da s\u00e9rie hist\u00f3rica da pesquisa, em 2012. Na compara\u00e7\u00e3o anual, o rendimento caiu 8,8% frente a fevereiro de 2021.<\/p>\n<p><strong>Fonte: Rede Brasil Atual<\/strong><\/p>\n<div class=\"widget-area-inside-single-content\">\u00a0<\/div>\n","protected":false},"excerpt":{"rendered":"<p>A taxa de desemprego no Brasil ficou em 11,2%, no trimestre dezembro-janeiro-fevereiro, segundo o Instituto Brasileiro de Geografia e Estat\u00edstica (IBGE). O estudo divulgado nesta quinta-feira (31) mostra que a falta de trabalho ainda atinge 12 milh\u00f5es de brasileiros. A pesquisa revela ainda que o emprego sem carteira assinada foi o que mais cresceu em [&hellip;]<\/p>\n","protected":false},"author":2,"featured_media":12363,"comment_status":"","ping_status":"","sticky":false,"template":"","format":"standard","meta":{"footnotes":""},"categories":[3],"tags":[],"class_list":["post-12364","post","type-post","status-publish","format-standard","has-post-thumbnail","hentry","category-noticias"],"_links":{"self":[{"href":"https:\/\/hostnetart.com.br\/baixada\/wp-json\/wp\/v2\/posts\/12364","targetHints":{"allow":["GET"]}}],"collection":[{"href":"https:\/\/hostnetart.com.br\/baixada\/wp-json\/wp\/v2\/posts"}],"about":[{"href":"https:\/\/hostnetart.com.br\/baixada\/wp-json\/wp\/v2\/types\/post"}],"author":[{"embeddable":true,"href":"https:\/\/hostnetart.com.br\/baixada\/wp-json\/wp\/v2\/users\/2"}],"replies":[{"embeddable":true,"href":"https:\/\/hostnetart.com.br\/baixada\/wp-json\/wp\/v2\/comments?post=12364"}],"version-history":[{"count":0,"href":"https:\/\/hostnetart.com.br\/baixada\/wp-json\/wp\/v2\/posts\/12364\/revisions"}],"wp:featuredmedia":[{"embeddable":true,"href":"https:\/\/hostnetart.com.br\/baixada\/wp-json\/wp\/v2\/media\/12363"}],"wp:attachment":[{"href":"https:\/\/hostnetart.com.br\/baixada\/wp-json\/wp\/v2\/media?parent=12364"}],"wp:term":[{"taxonomy":"category","embeddable":true,"href":"https:\/\/hostnetart.com.br\/baixada\/wp-json\/wp\/v2\/categories?post=12364"},{"taxonomy":"post_tag","embeddable":true,"href":"https:\/\/hostnetart.com.br\/baixada\/wp-json\/wp\/v2\/tags?post=12364"}],"curies":[{"name":"wp","href":"https:\/\/api.w.org\/{rel}","templated":true}]}}