{"id":12358,"date":"2022-03-31T14:47:25","date_gmt":"2022-03-31T17:47:25","guid":{"rendered":"https:\/\/hostnetart.com.br\/baixada\/pandemia-impactou-mais-mulheres-trabalhadoras\/"},"modified":"2022-03-31T14:47:25","modified_gmt":"2022-03-31T17:47:25","slug":"pandemia-impactou-mais-mulheres-trabalhadoras","status":"publish","type":"post","link":"https:\/\/hostnetart.com.br\/baixada\/pandemia-impactou-mais-mulheres-trabalhadoras\/","title":{"rendered":"Pandemia impactou mais mulheres trabalhadoras"},"content":{"rendered":"<p>A situa\u00e7\u00e3o da mulher brasileira no mercado de trabalho sofreu acentuada degrada\u00e7\u00e3o durante a pandemia da covid-19. Compara\u00e7\u00e3o entre os dados dos terceiros trimestres de 2019 e de 2021 mostra que o n\u00famero de ocupadas reduziu, seu rendimento m\u00e9dio mensal caiu e a subutiliza\u00e7\u00e3o profissional e o desalento entre elas aumentaram, al\u00e9m de outros pontos negativos. Entre as mulheres negras, todos os indicadores revelam condi\u00e7\u00f5es ainda piores.<\/p>\n<p>O diagn\u00f3stico foi feito pela subse\u00e7\u00e3o do Departamento Intersindical de Estat\u00edstica e Estudos Socioecon\u00f4mico (Dieese) da Confedera\u00e7\u00e3o Nacional dos Trabalhadores do Ramo Financeiro (Contraf-CUT) e apresentado aos representantes da Federa\u00e7\u00e3o Nacional dos Bancos (Fenaban), no encontro da\u00a0<a href=\"https:\/\/contrafcut.com.br\/noticias\/mesa-discute-prevencao-e-combate-a-violencia-contra-mulher\/?swcfpc=1\">Mesa Tem\u00e1tica de Igualdade de Oportunidades<\/a>, ocorrido na \u00faltima segunda-feira (28), para um balan\u00e7o do acordo firmado em mar\u00e7o de 2020, entre as duas entidades, sobre preven\u00e7\u00e3o e combate \u00e0 viol\u00eancia dom\u00e9stica contra a mulher.<\/p>\n<h3><strong>No mercado<\/strong><\/h3>\n<p>No per\u00edodo avaliado, conforme a Pesquisa Nacional por Amostra de Domic\u00edlios Cont\u00ednua trimestral (PNAD Cont\u00ednua), do Instituto Brasileiro de Geografia e Estat\u00edstica (IBGE), o n\u00famero de mulheres, a partir dos 14 anos, que tinham ocupa\u00e7\u00e3o profissional caiu de 40,7 milh\u00f5es para 39 milh\u00f5es. Assim, em 2021 havia 1,67 milh\u00e3o de mulheres a menos com trabalho, das quais 1,21 milh\u00e3o negras e 466 mil n\u00e3o negras \u2013 e todas n\u00e3o conseguiam nova coloca\u00e7\u00e3o. O desalento, que \u00e9 o des\u00e2nimo para procurar emprego pela falta de perspectivas, cresceu 7,2%, e o contingente nessa condi\u00e7\u00e3o foi de 39,55 milh\u00f5es para 42,39 milh\u00f5es, um acr\u00e9scimo de 2,84 milh\u00f5es de trabalhadoras.<\/p>\n<p>O rendimento m\u00e9dio mensal das trabalhadoras tamb\u00e9m caiu em 2,9% na pandemia, e passou de R$ 2.139 no terceiro trimestre de 2019 para R$ 2.078 no mesmo per\u00edodo de 2021, tamb\u00e9m segundo a PNAD Cont\u00ednua. O valor m\u00e9dio pago pela hora trabalhada no terceiro trimestre de 2021, medido pela mesma pesquisa, mostra tamb\u00e9m a acentuada desigualdade imposta pelo mercado por quest\u00f5es de ra\u00e7a e g\u00eanero: enquanto o homem recebia R$ 15,25 (R$ 19,73 para n\u00e3o negro e R$ 11,67 para negro), \u00e0 mulher eram pagos R$ 13,89 (R$ 17,13 para n\u00e3o negra e R$ 10,83 para negra).<\/p>\n<p>Vivian Machado, economista respons\u00e1vel pelo estudo do Dieese, observa que o quadro se agravou para a mulher inclusive nos casos em que a situa\u00e7\u00e3o j\u00e1 era bastante prec\u00e1ria. \u201cA subutiliza\u00e7\u00e3o, por exemplo, pulou de 29,3% para 33,3% e a desocupa\u00e7\u00e3o, de 14,3% para 15,9%; e de novo, a trabalhadora negra foi mais afetada\u201d, afirma.<\/p>\n<p>Segundo Almir Aguiar, secret\u00e1rio de Combate ao Racismo da Contraf-CUT, \u201c\u00e9 importante observar os n\u00fameros, pois as estat\u00edsticas t\u00eam comprovado que a popula\u00e7\u00e3o negra \u00e9 a mais discriminada no mercado de trabalho e, historicamente, a mulher negra \u00e9 a que mais sofre discrimina\u00e7\u00e3o, tanto nos cargos e como na remunera\u00e7\u00e3o\u201d. Para Almir, isso se confirma no sistema financeiro, pois \u201cal\u00e9m de a popula\u00e7\u00e3o negra ter uma presen\u00e7a pequena, em m\u00e9dia ganha menos que o n\u00e3o negro, sendo a cor da pele um dificultador tamb\u00e9m para ascens\u00e3o profissional; por isso precisamos que os bancos evoluam numa pol\u00edtica de contrata\u00e7\u00e3o de negras e negros no setor, para que possamos avan\u00e7ar em igualdade de oportunidades\u201d.<\/p>\n<h3><strong>Mais impactos<\/strong><\/h3>\n<p>Outras pesquisas e levantamentos tamb\u00e9m mostram v\u00e1rias formas de impactos prejudiciais \u00e0 vida da trabalhadora durante o per\u00edodo de isolamento social por causa da covid-19. O ass\u00e9dio moral, por exemplo, n\u00e3o reduziu, por causa das atividades em home office, e manteve sua curva para cima (nos \u00faltimos cinco anos, cresceu 187%). Na pandemia, 50% das brasileiras passaram a cuidar de algu\u00e9m; 41% das profissionais que mantiveram o sal\u00e1rio declararam trabalhar mais na quarentena; 40% das mulheres sentiram que o isolamento colocou em risco a sustenta\u00e7\u00e3o da fam\u00edlia; e 8,4% delas disseram ter sofrido alguma forma de viol\u00eancia. Uma vez mais, as mulheres negras sofrem de modo mais agudo em v\u00e1rias quest\u00f5es: elas s\u00e3o 61% das que recorreram \u00e0 economia solid\u00e1ria para sobreviver e 58% das desempregadas do pa\u00eds.<\/p>\n<p>Para a secret\u00e1ria da Mulher da Contraf-CUT, Elaine Cutis, \u201caliada a uma pol\u00edtica de governo que pouco ou nada faz em um prol da classe de trabalhadora, a pandemia aprofundou drasticamente as hist\u00f3ricas desigualdades sociais entre homens e mulheres; e para alterar essa realidade precisamos mudar os rumos de nosso pa\u00eds, elegendo candidatas e candidatos comprometidos com a transforma\u00e7\u00e3o necess\u00e1ria para uma sociedade justa e igualit\u00e1ria\u201d.<\/p>\n<p>Conhe\u00e7a aqui mais detalhes no\u00a0<a href=\"https:\/\/contrafcut.com.br\/wp-content\/uploads\/2022\/03\/mulheres-no-mercado-de-trabalho-na-pandemia-2803.pptx\">levantamento completo feito pelo Dieese<\/a>.<\/p>\n","protected":false},"excerpt":{"rendered":"<p>A situa\u00e7\u00e3o da mulher brasileira no mercado de trabalho sofreu acentuada degrada\u00e7\u00e3o durante a pandemia da covid-19. Compara\u00e7\u00e3o entre os dados dos terceiros trimestres de 2019 e de 2021 mostra que o n\u00famero de ocupadas reduziu, seu rendimento m\u00e9dio mensal caiu e a subutiliza\u00e7\u00e3o profissional e o desalento entre elas aumentaram, al\u00e9m de outros pontos [&hellip;]<\/p>\n","protected":false},"author":2,"featured_media":12357,"comment_status":"","ping_status":"","sticky":false,"template":"","format":"standard","meta":{"footnotes":""},"categories":[3],"tags":[],"class_list":["post-12358","post","type-post","status-publish","format-standard","has-post-thumbnail","hentry","category-noticias"],"_links":{"self":[{"href":"https:\/\/hostnetart.com.br\/baixada\/wp-json\/wp\/v2\/posts\/12358","targetHints":{"allow":["GET"]}}],"collection":[{"href":"https:\/\/hostnetart.com.br\/baixada\/wp-json\/wp\/v2\/posts"}],"about":[{"href":"https:\/\/hostnetart.com.br\/baixada\/wp-json\/wp\/v2\/types\/post"}],"author":[{"embeddable":true,"href":"https:\/\/hostnetart.com.br\/baixada\/wp-json\/wp\/v2\/users\/2"}],"replies":[{"embeddable":true,"href":"https:\/\/hostnetart.com.br\/baixada\/wp-json\/wp\/v2\/comments?post=12358"}],"version-history":[{"count":0,"href":"https:\/\/hostnetart.com.br\/baixada\/wp-json\/wp\/v2\/posts\/12358\/revisions"}],"wp:featuredmedia":[{"embeddable":true,"href":"https:\/\/hostnetart.com.br\/baixada\/wp-json\/wp\/v2\/media\/12357"}],"wp:attachment":[{"href":"https:\/\/hostnetart.com.br\/baixada\/wp-json\/wp\/v2\/media?parent=12358"}],"wp:term":[{"taxonomy":"category","embeddable":true,"href":"https:\/\/hostnetart.com.br\/baixada\/wp-json\/wp\/v2\/categories?post=12358"},{"taxonomy":"post_tag","embeddable":true,"href":"https:\/\/hostnetart.com.br\/baixada\/wp-json\/wp\/v2\/tags?post=12358"}],"curies":[{"name":"wp","href":"https:\/\/api.w.org\/{rel}","templated":true}]}}