{"id":12356,"date":"2022-03-31T14:44:38","date_gmt":"2022-03-31T17:44:38","guid":{"rendered":"https:\/\/hostnetart.com.br\/baixada\/dia-internacional-da-visibilidade-trans-e-uma-data-de-luta\/"},"modified":"2022-03-31T14:44:38","modified_gmt":"2022-03-31T17:44:38","slug":"dia-internacional-da-visibilidade-trans-e-uma-data-de-luta","status":"publish","type":"post","link":"https:\/\/hostnetart.com.br\/baixada\/dia-internacional-da-visibilidade-trans-e-uma-data-de-luta\/","title":{"rendered":"Dia Internacional da Visibilidade Trans \u00e9 uma data de luta"},"content":{"rendered":"<p>Em 31 de mar\u00e7o \u00e9 celebrado o Dia Internacional da Visibilidade Trans. Conforme dados do\u00a0<a href=\"https:\/\/antrabrasil.files.wordpress.com\/2022\/01\/dossieantra2022-web.pdf\"><em>Dossi\u00ea Assassinatos e Viol\u00eancia Contra Travestis e Transexuais Brasileiras em 2021<\/em><\/a>, publicado pela Associa\u00e7\u00e3o Nacional de Travestis e Transexuais (<a href=\"https:\/\/antrabrasil.org\/\">Antra<\/a>), 123,8 pessoas trans foram assassinadas no pa\u00eds, em m\u00e9dia, de 2008 a 2021. Nos \u00faltimos tr\u00eas anos, foram 124, 175 e 140 v\u00edtimas, respectivamente.<\/p>\n<p>Com esses n\u00fameros alarmantes, a data se torna importante entre n\u00f3s para iniciativas de debate e iniciativas sobre quest\u00f5es relacionadas \u00e0 comunidade LGBTQIA+. O ano de 2021 foi o 13\u00ba seguido em que o Brasil vem se mantendo no topo do ranking como o mais violento contra pessoas trans em todo o mundo.<\/p>\n<h3><strong>Exclus\u00e3o social<\/strong><\/h3>\n<p>O perfil das v\u00edtimas mostra tamb\u00e9m outro lado sombrio do preconceito na sociedade brasileira. O estudo da Antra, com base em 100 das pessoas assassinadas em 2021, registra que 81% delas se identificavam como pretas ou pardas. Com rela\u00e7\u00e3o \u00e0 idade, 53% tinham entre 18 e 29 anos, e 28%, entre 30 e 39 anos. No Brasil, a expectativa de vida de uma pessoa trans \u00e9 de apenas 40 anos, pouco mais da metade dos 76,8 anos para a m\u00e9dia da popula\u00e7\u00e3o.<\/p>\n<p>As principais v\u00edtimas foram profissionais do sexo, 78% das pessoas identificadas na pesquisa. Conforme o\u00a0<em>Dossi\u00ea<\/em>, elas foram \u201cempurradas para a prostitui\u00e7\u00e3o compulsoriamente pela falta de oportunidades, onde muitas se encontram em alta vulnerabilidade social e expostas aos maiores \u00edndices de viol\u00eancia, a toda a sorte de agress\u00f5es f\u00edsicas e psicol\u00f3gicas\u201d. Os estados com maior n\u00famero de ocorr\u00eancias do crime foram S\u00e3o Paulo (com 25), Bahia (13), Rio de Janeiro (12) e Cear\u00e1 e Pernambuco (11).<\/p>\n<h3><strong>Empregabilidade<\/strong><\/h3>\n<p>Para Adilson Barros, membro da Diretoria Executiva da Confedera\u00e7\u00e3o Nacional dos Trabalhadores do Ramo Financeiro (Contraf-CUT) e militante LGBTQIA+, \u201cdiante desse quadro assustador, \u00e9 preciso investir cada vez mais na pol\u00edtica de gera\u00e7\u00e3o de emprego e renda para as pessoas trans, pois a visibilidade, alardeada por empresas e bancos, vem sendo falseada apenas em busca de certifica\u00e7\u00f5es, e concretamente n\u00e3o enxergarmos muito em torno da empregabilidade\u201d.<\/p>\n<p>Conforme alerta Adilson, \u201cesse compromisso precisa ser firmado para ajudar mais no combate \u00e0 viol\u00eancia e para reduzir o n\u00famero de mortes\u201d. O dirigente da Contraf-CUT chama o meio empresarial para de fato abra\u00e7ar a causa: \u201cAjude pessoas trans a se inserir no mercado de trabalho e crie projetos de capacita\u00e7\u00e3o, contrate profissionais e empresas que possuem pessoas trans no seu quadro de funcion\u00e1rios e jamais as trate pelo nome de batismo quando j\u00e1 tiverem feito sua transi\u00e7\u00e3o ou mudan\u00e7a de sexo\u201d.<\/p>\n<h3><strong>Estado lava as m\u00e3os<\/strong><\/h3>\n<p>A aus\u00eancia do Estado para combater crimes contra pessoas trans \u00e9 tamb\u00e9m denunciada no\u00a0<em>Dossi\u00ea<\/em>. Entre os grandes problemas apontados est\u00e3o a falta de acolhimento de adolescentes trans, muitas vezes rejeitados pelas fam\u00edlias e sem espa\u00e7o nas escolas, o sil\u00eancio dos parlamentares e a in\u00e9rcia de entidades estatais para o combate \u00e0 transfobia.<\/p>\n<p>Conforme adverte Adilson, \u201cos sindicatos e demais institui\u00e7\u00f5es precisam ter mais responsabilidade em torno da luta das pessoas LGBTQIA+, pois hoje as pol\u00edticas voltadas para eles e elas est\u00e3o reduzidas por iniciativa de um governo que aposta no discurso de \u00f3dio, e n\u00e3o na import\u00e2ncia de inserir as pessoas trans no mercado de trabalho e em seu reconhecimento como cidad\u00e3os. Neste ano eleitoral, faremos o poss\u00edvel para eleger candidaturas compromissadas com estas pautas\u201d.<\/p>\n<p><strong>Fonte: Contraf-CUT<\/strong><\/p>\n","protected":false},"excerpt":{"rendered":"<p>Em 31 de mar\u00e7o \u00e9 celebrado o Dia Internacional da Visibilidade Trans. Conforme dados do\u00a0Dossi\u00ea Assassinatos e Viol\u00eancia Contra Travestis e Transexuais Brasileiras em 2021, publicado pela Associa\u00e7\u00e3o Nacional de Travestis e Transexuais (Antra), 123,8 pessoas trans foram assassinadas no pa\u00eds, em m\u00e9dia, de 2008 a 2021. Nos \u00faltimos tr\u00eas anos, foram 124, 175 e [&hellip;]<\/p>\n","protected":false},"author":2,"featured_media":12355,"comment_status":"","ping_status":"","sticky":false,"template":"","format":"standard","meta":{"footnotes":""},"categories":[3],"tags":[],"class_list":["post-12356","post","type-post","status-publish","format-standard","has-post-thumbnail","hentry","category-noticias"],"_links":{"self":[{"href":"https:\/\/hostnetart.com.br\/baixada\/wp-json\/wp\/v2\/posts\/12356","targetHints":{"allow":["GET"]}}],"collection":[{"href":"https:\/\/hostnetart.com.br\/baixada\/wp-json\/wp\/v2\/posts"}],"about":[{"href":"https:\/\/hostnetart.com.br\/baixada\/wp-json\/wp\/v2\/types\/post"}],"author":[{"embeddable":true,"href":"https:\/\/hostnetart.com.br\/baixada\/wp-json\/wp\/v2\/users\/2"}],"replies":[{"embeddable":true,"href":"https:\/\/hostnetart.com.br\/baixada\/wp-json\/wp\/v2\/comments?post=12356"}],"version-history":[{"count":0,"href":"https:\/\/hostnetart.com.br\/baixada\/wp-json\/wp\/v2\/posts\/12356\/revisions"}],"wp:featuredmedia":[{"embeddable":true,"href":"https:\/\/hostnetart.com.br\/baixada\/wp-json\/wp\/v2\/media\/12355"}],"wp:attachment":[{"href":"https:\/\/hostnetart.com.br\/baixada\/wp-json\/wp\/v2\/media?parent=12356"}],"wp:term":[{"taxonomy":"category","embeddable":true,"href":"https:\/\/hostnetart.com.br\/baixada\/wp-json\/wp\/v2\/categories?post=12356"},{"taxonomy":"post_tag","embeddable":true,"href":"https:\/\/hostnetart.com.br\/baixada\/wp-json\/wp\/v2\/tags?post=12356"}],"curies":[{"name":"wp","href":"https:\/\/api.w.org\/{rel}","templated":true}]}}