{"id":12352,"date":"2022-03-30T17:36:26","date_gmt":"2022-03-30T20:36:26","guid":{"rendered":"https:\/\/hostnetart.com.br\/baixada\/mesa-discute-prevencao-e-combate-a-violencia-contra-mulher\/"},"modified":"2022-03-30T17:36:26","modified_gmt":"2022-03-30T20:36:26","slug":"mesa-discute-prevencao-e-combate-a-violencia-contra-mulher","status":"publish","type":"post","link":"https:\/\/hostnetart.com.br\/baixada\/mesa-discute-prevencao-e-combate-a-violencia-contra-mulher\/","title":{"rendered":"Mesa discute preven\u00e7\u00e3o e combate \u00e0 viol\u00eancia contra mulher"},"content":{"rendered":"<p>A Mesa Tem\u00e1tica de Igualdade de Oportunidades, composta por integrantes da Comiss\u00e3o de G\u00eanero, Ra\u00e7a, Orienta\u00e7\u00e3o Sexual e Trabalhadores e Trabalhadoras com Defici\u00eancia (CGROS) da Confedera\u00e7\u00e3o Nacional dos Trabalhadores do Ramo Financeiro (Contraf-CUT) e da Federa\u00e7\u00e3o Nacional dos Bancos (Fenaban), se reuniu na \u00faltima segunda-feira (28), para tratar em especial da pauta relativa a quest\u00f5es da mulher banc\u00e1ria. A atividade ocorre no fim de mar\u00e7o, m\u00eas dedicado ao fortalecimento das lutas dos movimentos feministas pelos direitos das mulheres.<\/p>\n<p>O ponto em destaque no encontro, feito de forma virtual, foi o acordo firmado em mar\u00e7o de 2020, que versa sobre preven\u00e7\u00e3o e combate \u00e0 viol\u00eancia dom\u00e9stica e familiar contra a mulher. Os representantes da categoria enfatizaram a import\u00e2ncia de dar mais visibilidade a todas as a\u00e7\u00f5es que comp\u00f5em o acordo, em especial \u00e0s de preven\u00e7\u00e3o.<\/p>\n<p>A categoria banc\u00e1ria foi a primeira a conquistar cl\u00e1usulas em acordo coletivo sobre igualdade de oportunidades e \u00e9 a \u00fanica a manter uma mesa permanente de negocia\u00e7\u00f5es com representantes patronais a respeito de quest\u00f5es de g\u00eanero, ra\u00e7a e orienta\u00e7\u00e3o sexual.<\/p>\n<p>O Departamento Intersindical de Estat\u00edstica e Estudos S\u00f3cioecon\u00f4micos (Dieese), apresentou um diagn\u00f3stico das condi\u00e7\u00f5es do mercado de trabalho para as mulheres desde o in\u00edcio da crise sanit\u00e1ria. Do terceiro trimestre de 2019 ao mesmo per\u00edodo de 2021, por exemplo, 1,1 milh\u00e3o de mulheres haviam perdido o trabalho, seu rendimento m\u00e9dio mensal sofrido queda de 2,9% e as den\u00fancia de ass\u00e9dio moral subido 187%, entre outros pontos preocupantes. Em praticamente todos os indicadores, as mulheres negras foram mais afetadas. \u201cEsses dados mostram que a desigualdade com as mulheres aprofundou ainda mais com a pandemia\u201d, pontuou a secret\u00e1ria de Pol\u00edticas Sociais da Contraf-CUT, Rosalina Amorim.<\/p>\n<h3>11 casos por m\u00eas<\/h3>\n<p>A Comiss\u00e3o de Diversidade da Fenaban apresentou um balan\u00e7o, com dados sobre a a\u00e7\u00e3o das institui\u00e7\u00f5es banc\u00e1rias, a respeito da quest\u00e3o da viol\u00eancia dom\u00e9stica contra a mulher. Nos dois anos do projeto, em m\u00e9dia foram feitas 11 den\u00fancias por m\u00eas de viol\u00eancia dom\u00e9stica ou familiar. Nesse per\u00edodo, 273 mulheres foram atendidas pelo canal e tiveram encaminhamento para solu\u00e7\u00e3o. Nos casos mais graves, 11 delas tiveram que ser transferidas de localidade para conseguirem viver em condi\u00e7\u00e3o de seguran\u00e7a.<\/p>\n<p>Para Elaine Cutis, secret\u00e1ria da Mulher da Contraf-CUT, \u201cembora saibamos que os bancos passaram a prestar atendimento \u00e0s v\u00edtimas de viol\u00eancia dom\u00e9stica a partir do acordo, tamb\u00e9m sabemos que, em algumas institui\u00e7\u00f5es, as mulheres encontram dificuldade para identificar o caminho para buscar ajuda\u201d. Por isso, foi solicitado \u00e0 Fenaban levantamento a respeito do canal de cada banco, inclusive para que institui\u00e7\u00f5es sindicais ajudem na divulga\u00e7\u00e3o do servi\u00e7o.<\/p>\n<p>\u201cTamb\u00e9m identificamos que muitos dos canais est\u00e3o inseridos dentro dos programas sociais dos bancos, e queremos ressaltar a import\u00e2ncia de se ter um canal espec\u00edfico para as v\u00edtimas de viol\u00eancia dom\u00e9stica, para que elas n\u00e3o se percam no caminho nem se desestimulem a pedir ajuda, e assim possam romper de vez com o ciclo de viol\u00eancia\u201d.<\/p>\n<h3>Reuni\u00f5es bimestrais<\/h3>\n<p>Os representantes da CGROS tamb\u00e9m propuseram o retorno da periodicidade bimestral de reuni\u00f5es da Mesa Tem\u00e1tica, interrompida em decorr\u00eancia da pandemia da covid-19. Com a proposta aprovada, a agenda das pr\u00f3ximas reuni\u00f5es j\u00e1 est\u00e1 sendo organizada pelas duas partes. \u201cO retorno da periodicidade \u00e9 importante, pois precisamos avan\u00e7ar nas pautas e solucionar os impactos gerados aos trabalhadores pela pr\u00f3pria crise sanit\u00e1ria que vivemos\u201d, conclui Elaine.<\/p>\n<p><strong>Fonte: Contraf-CUT<\/strong><\/p>\n","protected":false},"excerpt":{"rendered":"<p>A Mesa Tem\u00e1tica de Igualdade de Oportunidades, composta por integrantes da Comiss\u00e3o de G\u00eanero, Ra\u00e7a, Orienta\u00e7\u00e3o Sexual e Trabalhadores e Trabalhadoras com Defici\u00eancia (CGROS) da Confedera\u00e7\u00e3o Nacional dos Trabalhadores do Ramo Financeiro (Contraf-CUT) e da Federa\u00e7\u00e3o Nacional dos Bancos (Fenaban), se reuniu na \u00faltima segunda-feira (28), para tratar em especial da pauta relativa a quest\u00f5es [&hellip;]<\/p>\n","protected":false},"author":2,"featured_media":12351,"comment_status":"","ping_status":"","sticky":false,"template":"","format":"standard","meta":{"footnotes":""},"categories":[3],"tags":[],"class_list":["post-12352","post","type-post","status-publish","format-standard","has-post-thumbnail","hentry","category-noticias"],"_links":{"self":[{"href":"https:\/\/hostnetart.com.br\/baixada\/wp-json\/wp\/v2\/posts\/12352","targetHints":{"allow":["GET"]}}],"collection":[{"href":"https:\/\/hostnetart.com.br\/baixada\/wp-json\/wp\/v2\/posts"}],"about":[{"href":"https:\/\/hostnetart.com.br\/baixada\/wp-json\/wp\/v2\/types\/post"}],"author":[{"embeddable":true,"href":"https:\/\/hostnetart.com.br\/baixada\/wp-json\/wp\/v2\/users\/2"}],"replies":[{"embeddable":true,"href":"https:\/\/hostnetart.com.br\/baixada\/wp-json\/wp\/v2\/comments?post=12352"}],"version-history":[{"count":0,"href":"https:\/\/hostnetart.com.br\/baixada\/wp-json\/wp\/v2\/posts\/12352\/revisions"}],"wp:featuredmedia":[{"embeddable":true,"href":"https:\/\/hostnetart.com.br\/baixada\/wp-json\/wp\/v2\/media\/12351"}],"wp:attachment":[{"href":"https:\/\/hostnetart.com.br\/baixada\/wp-json\/wp\/v2\/media?parent=12352"}],"wp:term":[{"taxonomy":"category","embeddable":true,"href":"https:\/\/hostnetart.com.br\/baixada\/wp-json\/wp\/v2\/categories?post=12352"},{"taxonomy":"post_tag","embeddable":true,"href":"https:\/\/hostnetart.com.br\/baixada\/wp-json\/wp\/v2\/tags?post=12352"}],"curies":[{"name":"wp","href":"https:\/\/api.w.org\/{rel}","templated":true}]}}