{"id":12348,"date":"2022-03-29T19:19:29","date_gmt":"2022-03-29T22:19:29","guid":{"rendered":"https:\/\/hostnetart.com.br\/baixada\/sindicato-faz-atos-na-baixada-fluminense-pelo-dia-nacional-de-luta-no-santander\/"},"modified":"2022-03-29T19:19:29","modified_gmt":"2022-03-29T22:19:29","slug":"sindicato-faz-atos-na-baixada-fluminense-pelo-dia-nacional-de-luta-no-santander","status":"publish","type":"post","link":"https:\/\/hostnetart.com.br\/baixada\/sindicato-faz-atos-na-baixada-fluminense-pelo-dia-nacional-de-luta-no-santander\/","title":{"rendered":"Sindicato faz atos na Baixada Fluminense pelo Dia Nacional de Luta no Santander"},"content":{"rendered":"<p>Nesta ter\u00e7a-feira, 29 de mar\u00e7o, o Sindicato dos Banc\u00e1rios da Baixada Fluminense esteve em ag\u00eancias do Banco Santander, em Duque de Caxias, na Baixada Fluminense, pelo Dia Nacional de Luta em defesa da vida, por melhores condi\u00e7\u00f5es de trabalho e contrata\u00e7\u00f5es.<\/p>\n<p>As diretoras e diretores exibiram uma faixa de protesto, onde exigia respeito e responsabilidade do banco com os funcion\u00e1rios. Al\u00e9m disso, explicaram para banc\u00e1rias, banc\u00e1rios e para o p\u00fablico em geral, os motivos do protesto que estava sendo realizado.<\/p>\n<p>Os atos foram bem recebidos em todas as ag\u00eancias onde foram realizadas as manifesta\u00e7\u00f5es.<\/p>\n<p>Na parte da tarde, o Sindicato tamb\u00e9m participou de uma a\u00e7\u00e3o digital no Twitter. Ocorreu um \u201ctuita\u00e7o\u201d, das 15h \u00e0s 16h, com a hashtag #SantanderNosRespeite. O objetivo foi chamar a aten\u00e7\u00e3o do banco e da popula\u00e7\u00e3o, tamb\u00e9m de maneira virtual.<\/p>\n<p>Confira as fotos dos atos em nossas redes sociais.<\/p>\n","protected":false},"excerpt":{"rendered":"<p>Nesta ter\u00e7a-feira, 29 de mar\u00e7o, o Sindicato dos Banc\u00e1rios da Baixada Fluminense esteve em ag\u00eancias do Banco Santander, em Duque de Caxias, na Baixada Fluminense, pelo Dia Nacional de Luta em defesa da vida, por melhores condi\u00e7\u00f5es de trabalho e contrata\u00e7\u00f5es. As diretoras e diretores exibiram uma faixa de protesto, onde exigia respeito e responsabilidade [&hellip;]<\/p>\n","protected":false},"author":2,"featured_media":12347,"comment_status":"","ping_status":"","sticky":false,"template":"","format":"standard","meta":{"footnotes":""},"categories":[3],"tags":[],"class_list":["post-12348","post","type-post","status-publish","format-standard","has-post-thumbnail","hentry","category-noticias"],"_links":{"self":[{"href":"https:\/\/hostnetart.com.br\/baixada\/wp-json\/wp\/v2\/posts\/12348","targetHints":{"allow":["GET"]}}],"collection":[{"href":"https:\/\/hostnetart.com.br\/baixada\/wp-json\/wp\/v2\/posts"}],"about":[{"href":"https:\/\/hostnetart.com.br\/baixada\/wp-json\/wp\/v2\/types\/post"}],"author":[{"embeddable":true,"href":"https:\/\/hostnetart.com.br\/baixada\/wp-json\/wp\/v2\/users\/2"}],"replies":[{"embeddable":true,"href":"https:\/\/hostnetart.com.br\/baixada\/wp-json\/wp\/v2\/comments?post=12348"}],"version-history":[{"count":0,"href":"https:\/\/hostnetart.com.br\/baixada\/wp-json\/wp\/v2\/posts\/12348\/revisions"}],"wp:featuredmedia":[{"embeddable":true,"href":"https:\/\/hostnetart.com.br\/baixada\/wp-json\/wp\/v2\/media\/12347"}],"wp:attachment":[{"href":"https:\/\/hostnetart.com.br\/baixada\/wp-json\/wp\/v2\/media?parent=12348"}],"wp:term":[{"taxonomy":"category","embeddable":true,"href":"https:\/\/hostnetart.com.br\/baixada\/wp-json\/wp\/v2\/categories?post=12348"},{"taxonomy":"post_tag","embeddable":true,"href":"https:\/\/hostnetart.com.br\/baixada\/wp-json\/wp\/v2\/tags?post=12348"}],"curies":[{"name":"wp","href":"https:\/\/api.w.org\/{rel}","templated":true}]}}